{"id":8400,"date":"2010-04-23T07:31:00","date_gmt":"2010-04-23T05:31:00","guid":{"rendered":""},"modified":"2024-11-12T14:58:53","modified_gmt":"2024-11-12T13:58:53","slug":"no-auditorio-hernan-naval-coa-memoria","status":"publish","type":"post","link":"https:\/\/blogs.amarinha.gal\/ribadeando\/2010\/04\/23\/no-auditorio-hernan-naval-coa-memoria\/","title":{"rendered":"No auditorio Hern\u00e1n Naval, coa memoria"},"content":{"rendered":"<p><a onblur=\"try {parent.deselectBloggerImageGracefully();} catch(e) {}\" href=\"https:\/\/blogger.googleusercontent.com\/img\/b\/R29vZ2xl\/AVvXsEh4yQ7reRmS2tokyjw8nuDD5_v5sHJGBp4G-xncos3EWYWl5tEoPjjmIl-35N4xAE2YqRNnnEKBAi5BN4bkFYYxuMMI_VqJ6qzQYywhisHwnO73PbNFKza18MGlWyTtWfvvheFn2A\/s2048\/memoria+dos+oficios.jpg\"><img decoding=\"async\" src=\"https:\/\/blogger.googleusercontent.com\/img\/b\/R29vZ2xl\/AVvXsEh4yQ7reRmS2tokyjw8nuDD5_v5sHJGBp4G-xncos3EWYWl5tEoPjjmIl-35N4xAE2YqRNnnEKBAi5BN4bkFYYxuMMI_VqJ6qzQYywhisHwnO73PbNFKza18MGlWyTtWfvvheFn2A\/s2048\/memoria+dos+oficios.jpg\" alt=\"\" \/><\/a><br \/>\n<a onblur=\"try {parent.deselectBloggerImageGracefully();} catch(e) {}\" href=\"https:\/\/blogger.googleusercontent.com\/img\/b\/R29vZ2xl\/AVvXsEhyfP-QnFXsVkE1IauI3kkhek0pTk589HnA1wFGybBoTQ8k3XG0Tf7rpvh9Rrb8XHvbnO4OQRYMgJ_o8171ylhyphenhyphen8o3oRYB3UXETjJ0YTAonJrkNYaeAqFY-4Un4MRMTuR8dxjdM8g\/s2048\/memoria+dos+oficios+2.jpg\"><img decoding=\"async\" src=\"https:\/\/blogger.googleusercontent.com\/img\/b\/R29vZ2xl\/AVvXsEhyfP-QnFXsVkE1IauI3kkhek0pTk589HnA1wFGybBoTQ8k3XG0Tf7rpvh9Rrb8XHvbnO4OQRYMgJ_o8171ylhyphenhyphen8o3oRYB3UXETjJ0YTAonJrkNYaeAqFY-4Un4MRMTuR8dxjdM8g\/s2048\/memoria+dos+oficios+2.jpg\" alt=\"\" \/><\/a>Despois da <a href=\"http:\/\/ribadeando.blogspot.com\/2010\/04\/memoria-dos-oficios-de-ribadeo.html\">entrada anterior sobre o tema da memoria dos oficios<\/a>, e co previo do pasado ano de <a href=\"http:\/\/ribadeando.blogspot.com\/2009\/01\/primi-m-antonia-telva-m-luz-maribel.html\">Memoria de muller<\/a>, algunha foto da presentaci\u00f3n onte do v\u00eddeo resultante.<br \/>\nA primeira, do cartel que se puido ver polo pobo, d\u00faas sinxelas follas impresas, das que unha era unha atractiva imaxe sobre os oficios presentados.<br \/>\n<a onblur=\"try {parent.deselectBloggerImageGracefully();} catch(e) {}\" href=\"https:\/\/blogger.googleusercontent.com\/img\/b\/R29vZ2xl\/AVvXsEj460AmJFQu0Uq-e638zKnxdHIdnFgjz0hDpRzefInAPkLWasumV3A6g6erK3JPv7Ag9mbsQpAFNBAUwvQfEIUHd15zWaIkDkJXT8fEOYjZv-jO59_OsTEkULg5kdtotBUqUncPjQ\/s2048\/memoria+dos+oficios+3.jpg\"><img decoding=\"async\" src=\"https:\/\/blogger.googleusercontent.com\/img\/b\/R29vZ2xl\/AVvXsEj460AmJFQu0Uq-e638zKnxdHIdnFgjz0hDpRzefInAPkLWasumV3A6g6erK3JPv7Ag9mbsQpAFNBAUwvQfEIUHd15zWaIkDkJXT8fEOYjZv-jO59_OsTEkULg5kdtotBUqUncPjQ\/s2048\/memoria+dos+oficios+3.jpg\" alt=\"\" \/><\/a><br \/>\n<a onblur=\"try {parent.deselectBloggerImageGracefully();} catch(e) {}\" href=\"https:\/\/blogger.googleusercontent.com\/img\/b\/R29vZ2xl\/AVvXsEhv-rW_RcWBDHDkJLjHv1g5yyKws5js3BgQQxdTzTkJcswaSKn2SKGb8JOs_TDhyphenhyphen3BlQlXhRnlGICbx3Wz4DMKL7z1AnQElsasB5H8CchNzx8eqHM3OMx58MzVh1lBTQJTPJ1v2hA\/s2048\/memoria+dos+oficios+5.jpg\"><img decoding=\"async\" src=\"https:\/\/blogger.googleusercontent.com\/img\/b\/R29vZ2xl\/AVvXsEhv-rW_RcWBDHDkJLjHv1g5yyKws5js3BgQQxdTzTkJcswaSKn2SKGb8JOs_TDhyphenhyphen3BlQlXhRnlGICbx3Wz4DMKL7z1AnQElsasB5H8CchNzx8eqHM3OMx58MzVh1lBTQJTPJ1v2hA\/s2048\/memoria+dos+oficios+5.jpg\" alt=\"\" \/><\/a>Outra, unha imaxe xeral do auditorio cheo a 1\/3 nas verbas previas, nas que participaron o alcalde, o representante provincial de cultura (JC Rodr\u00edguez Andina) e quen levou o tema no d\u00eda a d\u00eda no telecentro, Maika. Igualmente houbo unhas verbas \u00f3 final para rematar o acto e unha entrega do DVD \u00f3s participantes. Unha delas, M\u00aa Antonia Rodr\u00edguez, subiu para ter unha lembranza doutra compa\u00f1eira fenecida e unhas palabras de agradecemento.<br \/>\n<a onblur=\"try {parent.deselectBloggerImageGracefully();} catch(e) {}\" href=\"https:\/\/blogger.googleusercontent.com\/img\/b\/R29vZ2xl\/AVvXsEgNTabdKG6rSSocjt1cvBKVhzvR3-hK9HdCUHcZPmBCB2PlPvqgFpXeRAz9MLfhcYFv6fldDSxZPaT1g7PmXSg_LNUZRIy3GXVqYz_0t61E6ZINF2Ju2K5MO17ukJEnL33gDA0k9w\/s2048\/memoria+dos+oficios+4.jpg\"><img decoding=\"async\" src=\"https:\/\/blogger.googleusercontent.com\/img\/b\/R29vZ2xl\/AVvXsEgNTabdKG6rSSocjt1cvBKVhzvR3-hK9HdCUHcZPmBCB2PlPvqgFpXeRAz9MLfhcYFv6fldDSxZPaT1g7PmXSg_LNUZRIy3GXVqYz_0t61E6ZINF2Ju2K5MO17ukJEnL33gDA0k9w\/s2048\/memoria+dos+oficios+4.jpg\" alt=\"\" \/><\/a>En canto \u00f3 v\u00eddeo, sobre un fondo de fotograf\u00edas familiares ou xerais sobre o tema (de onde est\u00e1n tomadas o resto das presentadas nesta entrada), f\u00f3ronse desgranando as catro historias persoais, historias que sempre dan idea doutro tipo de vida e dun pasado que hoxe se ve como moi distante.<br \/>\n<a onblur=\"try {parent.deselectBloggerImageGracefully();} catch(e) {}\" href=\"https:\/\/blogger.googleusercontent.com\/img\/b\/R29vZ2xl\/AVvXsEhBFaDmuLanrRH_iDnSUABaQq2OLcgKa77UCao1ZsUyiQumY5I85ZWgzPgpz6GULN29kgHyB0Y5kzb0ZV48YxkVsflHFxnWyM6lH0MmoVvFBMNPk03TAL0zVm4RQ3AlxmKKnuSHhg\/s2048\/memoria+dos+oficios+6.jpg\"><img decoding=\"async\" src=\"https:\/\/blogger.googleusercontent.com\/img\/b\/R29vZ2xl\/AVvXsEhBFaDmuLanrRH_iDnSUABaQq2OLcgKa77UCao1ZsUyiQumY5I85ZWgzPgpz6GULN29kgHyB0Y5kzb0ZV48YxkVsflHFxnWyM6lH0MmoVvFBMNPk03TAL0zVm4RQ3AlxmKKnuSHhg\/s2048\/memoria+dos+oficios+6.jpg\" alt=\"\" \/><\/a><\/p>\n","protected":false},"excerpt":{"rendered":"<p>Despois da entrada anterior sobre o tema da memoria dos oficios, e co previo do pasado ano de Memoria de muller, algunha foto da presentaci\u00f3n onte do v\u00eddeo resultante. A primeira, do cartel que se puido ver polo pobo, d\u00faas sinxelas follas impresas, das que unha era unha atractiva imaxe sobre os oficios presentados. Outra, [&hellip;]<\/p>\n","protected":false},"author":3,"featured_media":0,"comment_status":"open","ping_status":"closed","sticky":false,"template":"","format":"standard","meta":{"activitypub_content_warning":"","activitypub_content_visibility":"","activitypub_max_image_attachments":3,"activitypub_interaction_policy_quote":"anyone","activitypub_status":"federated","footnotes":""},"categories":[1],"tags":[10,9],"class_list":["post-8400","post","type-post","status-publish","format-standard","hentry","category-sen-categoria","tag-cultura","tag-sociedade"],"_links":{"self":[{"href":"https:\/\/blogs.amarinha.gal\/ribadeando\/wp-json\/wp\/v2\/posts\/8400","targetHints":{"allow":["GET"]}}],"collection":[{"href":"https:\/\/blogs.amarinha.gal\/ribadeando\/wp-json\/wp\/v2\/posts"}],"about":[{"href":"https:\/\/blogs.amarinha.gal\/ribadeando\/wp-json\/wp\/v2\/types\/post"}],"author":[{"embeddable":true,"href":"https:\/\/blogs.amarinha.gal\/ribadeando\/wp-json\/wp\/v2\/users\/3"}],"replies":[{"embeddable":true,"href":"https:\/\/blogs.amarinha.gal\/ribadeando\/wp-json\/wp\/v2\/comments?post=8400"}],"version-history":[{"count":0,"href":"https:\/\/blogs.amarinha.gal\/ribadeando\/wp-json\/wp\/v2\/posts\/8400\/revisions"}],"wp:attachment":[{"href":"https:\/\/blogs.amarinha.gal\/ribadeando\/wp-json\/wp\/v2\/media?parent=8400"}],"wp:term":[{"taxonomy":"category","embeddable":true,"href":"https:\/\/blogs.amarinha.gal\/ribadeando\/wp-json\/wp\/v2\/categories?post=8400"},{"taxonomy":"post_tag","embeddable":true,"href":"https:\/\/blogs.amarinha.gal\/ribadeando\/wp-json\/wp\/v2\/tags?post=8400"}],"curies":[{"name":"wp","href":"https:\/\/api.w.org\/{rel}","templated":true}]}}