{"id":8393,"date":"2010-04-28T11:00:00","date_gmt":"2010-04-28T09:00:00","guid":{"rendered":""},"modified":"2024-11-12T14:58:43","modified_gmt":"2024-11-12T13:58:43","slug":"agora-si-urbanismo","status":"publish","type":"post","link":"https:\/\/blogs.amarinha.gal\/ribadeando\/2010\/04\/28\/agora-si-urbanismo\/","title":{"rendered":"Agora si, urbanismo?"},"content":{"rendered":"<p>Deixo isto para ser publicado \u00e1s 11 da ma\u00f1\u00e1. A esa hora, <a href=\"http:\/\/www.ribadeo.org\/actualidade\/nova.php?id=470&amp;lg=gal\">re\u00fanese a comisi\u00f3n de urbanismo segundo unha nota do concello<\/a>. O obxectivo declarado, seguir a avanzar no PXOM.<br \/>\nAlgunhas ligaz\u00f3ns a artigos anteriores:<br \/>\n<a href=\"http:\/\/ribadeando.blogspot.com\/2008\/03\/para-o-pxom-do-anterior-blog.html\">Para o pxom, do anterior blog<\/a><br \/>\n<a href=\"http:\/\/ribadeando.blogspot.com\/2008\/04\/as-primeiras-pxinas-do-pxom.html\">As primeiras p\u00e1xinas do pxom<\/a><br \/>\n<a href=\"http:\/\/ribadeando.blogspot.com\/2008\/03\/da-msica-pxom.html\">Da m\u00fasica \u00f3 PXOM<\/a><br \/>\n<a href=\"http:\/\/ribadeando.blogspot.com\/2008\/05\/o-pxom-de-ribadeo-revisitado.html\">O pxom de Ribadeo, revisitado<\/a><br \/>\n<a href=\"http:\/\/ribadeando.blogspot.com\/2006\/08\/pxom-de-ribadeo.html\">PXOM de Ribadeo<\/a><br \/>\n<a href=\"http:\/\/ribadeando.blogspot.com\/2008\/03\/contmplao-o-pxom.html\">Cont\u00e9mplao o PXOM?<\/a><br \/>\n<a href=\"http:\/\/ribadeando.blogspot.com\/2008\/03\/para-meditar-sobre-o-pxom-de-ribadeo.html\">Para meditar sobre o PXOM de Ribadeo<\/a><br \/>\n<a href=\"http:\/\/ribadeando.blogspot.com\/2008\/07\/sobreo-pxom-de-ribadeo.html\">Sobre o PXOM de Ribadeo<\/a><br \/>\n<a href=\"http:\/\/ribadeando.blogspot.com\/2008\/03\/pxina-do-concello-de-ribadeo-sobre-o.html\">A p\u00e1xina do PXOM do concello<\/a><br \/>\n<a href=\"http:\/\/ribadeando.blogspot.com\/2010\/04\/plans-e-informacion.html\">Plans e informaci\u00f3n<\/a><br \/>\n<a href=\"http:\/\/ribadeando.blogspot.com\/2009\/06\/nota-de-prensa-informe-da-dir-xeral-de.html\">Informe da Dir. Xeral de Patrimonio sobre o PXOM<\/a><br \/>\n&#8230; E moitas m\u00e1is, pois o PXOM ribadense foi citado parece ser en 190 ocasi\u00f3ns no blog (Google dixit), a parte de noutros sitios relacionados.<\/p>\n","protected":false},"excerpt":{"rendered":"<p>Deixo isto para ser publicado \u00e1s 11 da ma\u00f1\u00e1. A esa hora, re\u00fanese a comisi\u00f3n de urbanismo segundo unha nota do concello. O obxectivo declarado, seguir a avanzar no PXOM. Algunhas ligaz\u00f3ns a artigos anteriores: Para o pxom, do anterior blog As primeiras p\u00e1xinas do pxom Da m\u00fasica \u00f3 PXOM O pxom de Ribadeo, revisitado [&hellip;]<\/p>\n","protected":false},"author":3,"featured_media":0,"comment_status":"open","ping_status":"closed","sticky":false,"template":"","format":"standard","meta":{"activitypub_content_warning":"","activitypub_content_visibility":"","activitypub_max_image_attachments":3,"activitypub_interaction_policy_quote":"anyone","activitypub_status":"federated","footnotes":""},"categories":[1],"tags":[65,9],"class_list":["post-8393","post","type-post","status-publish","format-standard","hentry","category-sen-categoria","tag-arquitectura","tag-sociedade"],"_links":{"self":[{"href":"https:\/\/blogs.amarinha.gal\/ribadeando\/wp-json\/wp\/v2\/posts\/8393","targetHints":{"allow":["GET"]}}],"collection":[{"href":"https:\/\/blogs.amarinha.gal\/ribadeando\/wp-json\/wp\/v2\/posts"}],"about":[{"href":"https:\/\/blogs.amarinha.gal\/ribadeando\/wp-json\/wp\/v2\/types\/post"}],"author":[{"embeddable":true,"href":"https:\/\/blogs.amarinha.gal\/ribadeando\/wp-json\/wp\/v2\/users\/3"}],"replies":[{"embeddable":true,"href":"https:\/\/blogs.amarinha.gal\/ribadeando\/wp-json\/wp\/v2\/comments?post=8393"}],"version-history":[{"count":0,"href":"https:\/\/blogs.amarinha.gal\/ribadeando\/wp-json\/wp\/v2\/posts\/8393\/revisions"}],"wp:attachment":[{"href":"https:\/\/blogs.amarinha.gal\/ribadeando\/wp-json\/wp\/v2\/media?parent=8393"}],"wp:term":[{"taxonomy":"category","embeddable":true,"href":"https:\/\/blogs.amarinha.gal\/ribadeando\/wp-json\/wp\/v2\/categories?post=8393"},{"taxonomy":"post_tag","embeddable":true,"href":"https:\/\/blogs.amarinha.gal\/ribadeando\/wp-json\/wp\/v2\/tags?post=8393"}],"curies":[{"name":"wp","href":"https:\/\/api.w.org\/{rel}","templated":true}]}}