{"id":8391,"date":"2010-04-30T07:34:00","date_gmt":"2010-04-30T05:34:00","guid":{"rendered":""},"modified":"2024-11-12T14:58:41","modified_gmt":"2024-11-12T13:58:41","slug":"dende-pequeninos","status":"publish","type":"post","link":"https:\/\/blogs.amarinha.gal\/ribadeando\/2010\/04\/30\/dende-pequeninos\/","title":{"rendered":"Dende pequeni\u00f1os"},"content":{"rendered":"<p>A educaci\u00f3n dende pequenos \u00e9 algo l\u00f3xico. Antes fac\u00edase na familia, agora a\u00ednda nese nivel vai pasando \u00e1s mans de instituci\u00f3ns, debido a diversos factores, dende o traballo das nais \u00e1 necesidade de socializaci\u00f3n dos pequenos entre iguais, nunha sociedade que non da moito p\u00e9 a facelo doutro xeito.<br \/>\nEn Ribadeo hai unha guarder\u00eda dende que eu lembro, \u00e9 dicir, alomenos dende comezo dos oitenta. Guarder\u00eda que salvo pequenas novas, non xerou pol\u00e9mica debido \u00f3 seu funcionamento. Na actualidade, con 107 prazas e extendendo a s\u00faa labor dende os poucos meses, sendo beb\u00e9s, ata a entrada nos colexios, atende \u00e1 maior\u00eda de pequenos da vila. A extensi\u00f3n de prazas, un aumento de 30 hai tres anos, variou a situaci\u00f3n, de tal xeito que agora hai unha queixa colectiva. A <a href=\"http:\/\/www.lavozdegalicia.es\/amarina\/2010\/04\/30\/0003_8451796.htm\">nova<\/a> non da p\u00e9 a saber se a protesta \u00e9 un\u00e1nime, pero si o da para saber as causas: persoal (3 postos creados por dito incremento de capacidade) contratado por 9 meses cando o per\u00edodo de funcionamento anual se extende por 11. Iso implica como m\u00edni<a onblur=\"try {parent.deselectBloggerImageGracefully();} catch(e) {}\" href=\"https:\/\/blogger.googleusercontent.com\/img\/b\/R29vZ2xl\/AVvXsEid_TAicwTSXZW8YrijYS7i3fPXWBZYqfFBfk4OMz7xgJHSxo4cmFt0i5OKKxSVWJHlryrbhK9e1bqYpkt9IxvhMXy6-16lvtzpLLXkl7kiO9TMHXFW5B6nhReJ6eD_5NCHjpjzDw\/s2048\/Guarder%C3%ADa+en+cruz.jpg\"><img decoding=\"async\" src=\"https:\/\/blogger.googleusercontent.com\/img\/b\/R29vZ2xl\/AVvXsEid_TAicwTSXZW8YrijYS7i3fPXWBZYqfFBfk4OMz7xgJHSxo4cmFt0i5OKKxSVWJHlryrbhK9e1bqYpkt9IxvhMXy6-16lvtzpLLXkl7kiO9TMHXFW5B6nhReJ6eD_5NCHjpjzDw\/s2048\/Guarder%C3%ADa+en+cruz.jpg\" alt=\"\" \/><\/a>mo a posibilidade dun cambio &#8216;gratu\u00edto&#8217; nas persoas contratadas pola Xunta que cuidan dos pequenos. O resultado, en calquera empresa adicada a outra cousa, ser\u00eda un menor rendemento. Aqu\u00ed ese &#8216;rendemento&#8217; pasa asemade por un desacougue dos pequenos un ano si e outro tam\u00e9n, como pode dicir calquera psic\u00f3logo ou pai. Ou sexa que a raz\u00f3n \u00e9 sinxela e abordable: un contrato de 11 meses en troques de un de 9 e outro de 2, diferente do anterior. A cousa ser\u00eda un pouqui\u00f1o m\u00e1is doada se non fora porque eses dous contratos diferentes e consecutivos para un mesmo posto se fan por raz\u00f3ns administrativas de precariedade para os empregado: se se fan de m\u00e1is de nove meses, non poden ser contrato por servizos, e os dereitos do traballador (neste caso, en xeral, traballadoras) increm\u00e9ntanse. Por exemplo, <a href=\"http:\/\/www.gerencie.com\/el-contrato-de-servicios-no-da-derecho-a-liquidacion.html\">os contratos por servizo non dan dereito \u00e1 liquidaci\u00f3n<\/a>.<br \/>\nA imaxe, a zona entre o cant\u00f3n e a r\u00eda, coa guarder\u00eda sinalada cunha cruz, no sitio onde antigamente estaba a praza de touros.<\/p>\n","protected":false},"excerpt":{"rendered":"<p>A educaci\u00f3n dende pequenos \u00e9 algo l\u00f3xico. Antes fac\u00edase na familia, agora a\u00ednda nese nivel vai pasando \u00e1s mans de instituci\u00f3ns, debido a diversos factores, dende o traballo das nais \u00e1 necesidade de socializaci\u00f3n dos pequenos entre iguais, nunha sociedade que non da moito p\u00e9 a facelo doutro xeito. En Ribadeo hai unha guarder\u00eda dende [&hellip;]<\/p>\n","protected":false},"author":3,"featured_media":0,"comment_status":"open","ping_status":"closed","sticky":false,"template":"","format":"standard","meta":{"activitypub_content_warning":"","activitypub_content_visibility":"","activitypub_max_image_attachments":3,"activitypub_interaction_policy_quote":"anyone","activitypub_status":"federated","footnotes":""},"categories":[1],"tags":[9],"class_list":["post-8391","post","type-post","status-publish","format-standard","hentry","category-sen-categoria","tag-sociedade"],"_links":{"self":[{"href":"https:\/\/blogs.amarinha.gal\/ribadeando\/wp-json\/wp\/v2\/posts\/8391","targetHints":{"allow":["GET"]}}],"collection":[{"href":"https:\/\/blogs.amarinha.gal\/ribadeando\/wp-json\/wp\/v2\/posts"}],"about":[{"href":"https:\/\/blogs.amarinha.gal\/ribadeando\/wp-json\/wp\/v2\/types\/post"}],"author":[{"embeddable":true,"href":"https:\/\/blogs.amarinha.gal\/ribadeando\/wp-json\/wp\/v2\/users\/3"}],"replies":[{"embeddable":true,"href":"https:\/\/blogs.amarinha.gal\/ribadeando\/wp-json\/wp\/v2\/comments?post=8391"}],"version-history":[{"count":0,"href":"https:\/\/blogs.amarinha.gal\/ribadeando\/wp-json\/wp\/v2\/posts\/8391\/revisions"}],"wp:attachment":[{"href":"https:\/\/blogs.amarinha.gal\/ribadeando\/wp-json\/wp\/v2\/media?parent=8391"}],"wp:term":[{"taxonomy":"category","embeddable":true,"href":"https:\/\/blogs.amarinha.gal\/ribadeando\/wp-json\/wp\/v2\/categories?post=8391"},{"taxonomy":"post_tag","embeddable":true,"href":"https:\/\/blogs.amarinha.gal\/ribadeando\/wp-json\/wp\/v2\/tags?post=8391"}],"curies":[{"name":"wp","href":"https:\/\/api.w.org\/{rel}","templated":true}]}}