{"id":8385,"date":"2010-05-03T14:41:00","date_gmt":"2010-05-03T12:41:00","guid":{"rendered":""},"modified":"2024-11-12T14:58:33","modified_gmt":"2024-11-12T13:58:33","slug":"bandera-catolica","status":"publish","type":"post","link":"https:\/\/blogs.amarinha.gal\/ribadeando\/2010\/05\/03\/bandera-catolica\/","title":{"rendered":"Bandera Cat\u00f3lica"},"content":{"rendered":"<p>Est\u00e1n colgadas en <a href=\"http:\/\/publicadoenribadeo.wikispaces.com\/\">Publicado en Ribadeo<\/a> as d\u00faas primeiras p\u00e1xinas (polo momento, s\u00f3) do exemplar do quincenal &#8216;<a href=\"http:\/\/publicadoenribadeo.wikispaces.com\/Bandera+Cat%C3%B3lica\">Bandera Cat\u00f3lica&#8217; de data 1 de setembro de 1916<\/a>. Que ten de particular? Varias cousas. En principio, a primeira imaxe da Torre dos Moreno da que se ten noticia, con dous artigos correspondendo con ela, un laudatorio e outro t\u00e9cnico, que ser\u00e1n revisitados e comentados pr\u00f3ximamente.<\/p>\n<p>&#8230; Para ir preparando un centenario da Torre como corresponde.<\/p>\n","protected":false},"excerpt":{"rendered":"<p>Est\u00e1n colgadas en Publicado en Ribadeo as d\u00faas primeiras p\u00e1xinas (polo momento, s\u00f3) do exemplar do quincenal &#8216;Bandera Cat\u00f3lica&#8217; de data 1 de setembro de 1916. Que ten de particular? Varias cousas. En principio, a primeira imaxe da Torre dos Moreno da que se ten noticia, con dous artigos correspondendo con ela, un laudatorio e [&hellip;]<\/p>\n","protected":false},"author":3,"featured_media":0,"comment_status":"open","ping_status":"closed","sticky":false,"template":"","format":"standard","meta":{"activitypub_content_warning":"","activitypub_content_visibility":"","activitypub_max_image_attachments":3,"activitypub_interaction_policy_quote":"anyone","activitypub_status":"federated","footnotes":""},"categories":[1],"tags":[65,74,9,58],"class_list":["post-8385","post","type-post","status-publish","format-standard","hentry","category-sen-categoria","tag-arquitectura","tag-o-teson","tag-sociedade","tag-torre-dos-moreno"],"_links":{"self":[{"href":"https:\/\/blogs.amarinha.gal\/ribadeando\/wp-json\/wp\/v2\/posts\/8385","targetHints":{"allow":["GET"]}}],"collection":[{"href":"https:\/\/blogs.amarinha.gal\/ribadeando\/wp-json\/wp\/v2\/posts"}],"about":[{"href":"https:\/\/blogs.amarinha.gal\/ribadeando\/wp-json\/wp\/v2\/types\/post"}],"author":[{"embeddable":true,"href":"https:\/\/blogs.amarinha.gal\/ribadeando\/wp-json\/wp\/v2\/users\/3"}],"replies":[{"embeddable":true,"href":"https:\/\/blogs.amarinha.gal\/ribadeando\/wp-json\/wp\/v2\/comments?post=8385"}],"version-history":[{"count":0,"href":"https:\/\/blogs.amarinha.gal\/ribadeando\/wp-json\/wp\/v2\/posts\/8385\/revisions"}],"wp:attachment":[{"href":"https:\/\/blogs.amarinha.gal\/ribadeando\/wp-json\/wp\/v2\/media?parent=8385"}],"wp:term":[{"taxonomy":"category","embeddable":true,"href":"https:\/\/blogs.amarinha.gal\/ribadeando\/wp-json\/wp\/v2\/categories?post=8385"},{"taxonomy":"post_tag","embeddable":true,"href":"https:\/\/blogs.amarinha.gal\/ribadeando\/wp-json\/wp\/v2\/tags?post=8385"}],"curies":[{"name":"wp","href":"https:\/\/api.w.org\/{rel}","templated":true}]}}