{"id":8375,"date":"2010-05-11T18:37:00","date_gmt":"2010-05-11T16:37:00","guid":{"rendered":""},"modified":"2024-11-12T14:58:15","modified_gmt":"2024-11-12T13:58:15","slug":"nota-de-prensa-de-o-teson-sobre","status":"publish","type":"post","link":"https:\/\/blogs.amarinha.gal\/ribadeando\/2010\/05\/11\/nota-de-prensa-de-o-teson-sobre\/","title":{"rendered":"Nota de prensa de O Tes\u00f3n sobre a presentaci\u00f3n dun libro de Pablo Mosquera"},"content":{"rendered":"<p><a href=\"https:\/\/blogger.googleusercontent.com\/img\/b\/R29vZ2xl\/AVvXsEhInYL1Om_go670WO8elbQg-RPiMyPLoyFVhQWYjWB1eB3Zney1TXNb4sykwp0WBUwtncdELD5uQkc9xXk1omzR2wpLXw1BFc1niEYaEFGrYWjC32mhjwdvMjz94GjeBCmUon01rw\/s2048\/Portada+libro+Pablo+Mosquera+2.jpeg\" onblur=\"try {parent.deselectBloggerImageGracefully();} catch(e) {}\"><img decoding=\"async\" alt=\"\" src=\"https:\/\/blogger.googleusercontent.com\/img\/b\/R29vZ2xl\/AVvXsEhInYL1Om_go670WO8elbQg-RPiMyPLoyFVhQWYjWB1eB3Zney1TXNb4sykwp0WBUwtncdELD5uQkc9xXk1omzR2wpLXw1BFc1niEYaEFGrYWjC32mhjwdvMjz94GjeBCmUon01rw\/s2048\/Portada+libro+Pablo+Mosquera+2.jpeg\" \/><\/a><\/p>\n<p>AVV O Tes\u00f3n<\/p>\n<p>Nota de Prensa<\/p>\n<p>Presentaci\u00f3n libro Pablo Mosquera<\/p>\n<p>Co gallo da recente aparici\u00f3n do libro de Pablo Mosquera &#8216;Senderos para el viajero&#8217;, a Asociaci\u00f3n de veci\u00f1os  O Tes\u00f3n, en colaboraci\u00f3n coa Asoc. Os Aventados e coa Casa das Letras de Ribadeo, propicia un acto de presentaci\u00f3n do mesmo o venres 21 de maio \u00e1s 20:30 horas.<\/p>\n<p>No acto, que ter\u00e1 lugar no sal\u00f3n multiusos da Casa das Letras de Ribadeo, tomar\u00e1n a Palabra o autor, Pablo Mosquera, que falar\u00e1 sobre as interioridades do libro, as\u00ed como Jos\u00e9 M\u00aa Rodriguez D\u00edaz, que previamente encadrar\u00e1 o tema, e o moderador do acto.<\/p>\n<p>A entrada \u00e9 libre e gratu\u00edta, coa \u00fanica limitaci\u00f3n do espazo dispo\u00f1ible.<\/p>\n<p>Ribadeo, 11 de maio de 2010.<\/p>\n<p>P.S.: Acomp\u00e1\u00f1ase imaxe da portada do libro en ficheiro adxunto.<\/p>\n<p><a href=\"http:\/\/o-teson.blogspot.com\/2010\/05\/nota-de-prensa-20100511-sobre.html\">Ligaz\u00f3n \u00e1 nota orixinal<\/a>.<\/p>\n","protected":false},"excerpt":{"rendered":"<p>AVV O Tes\u00f3n Nota de Prensa Presentaci\u00f3n libro Pablo Mosquera Co gallo da recente aparici\u00f3n do libro de Pablo Mosquera &#8216;Senderos para el viajero&#8217;, a Asociaci\u00f3n de veci\u00f1os O Tes\u00f3n, en colaboraci\u00f3n coa Asoc. Os Aventados e coa Casa das Letras de Ribadeo, propicia un acto de presentaci\u00f3n do mesmo o venres 21 de maio [&hellip;]<\/p>\n","protected":false},"author":3,"featured_media":0,"comment_status":"open","ping_status":"closed","sticky":false,"template":"","format":"standard","meta":{"activitypub_content_warning":"","activitypub_content_visibility":"","activitypub_max_image_attachments":3,"activitypub_interaction_policy_quote":"anyone","activitypub_status":"federate","footnotes":""},"categories":[1],"tags":[74,14],"class_list":["post-8375","post","type-post","status-publish","format-standard","hentry","category-sen-categoria","tag-o-teson","tag-pablo-mosquera"],"_links":{"self":[{"href":"https:\/\/blogs.amarinha.gal\/ribadeando\/wp-json\/wp\/v2\/posts\/8375","targetHints":{"allow":["GET"]}}],"collection":[{"href":"https:\/\/blogs.amarinha.gal\/ribadeando\/wp-json\/wp\/v2\/posts"}],"about":[{"href":"https:\/\/blogs.amarinha.gal\/ribadeando\/wp-json\/wp\/v2\/types\/post"}],"author":[{"embeddable":true,"href":"https:\/\/blogs.amarinha.gal\/ribadeando\/wp-json\/wp\/v2\/users\/3"}],"replies":[{"embeddable":true,"href":"https:\/\/blogs.amarinha.gal\/ribadeando\/wp-json\/wp\/v2\/comments?post=8375"}],"version-history":[{"count":0,"href":"https:\/\/blogs.amarinha.gal\/ribadeando\/wp-json\/wp\/v2\/posts\/8375\/revisions"}],"wp:attachment":[{"href":"https:\/\/blogs.amarinha.gal\/ribadeando\/wp-json\/wp\/v2\/media?parent=8375"}],"wp:term":[{"taxonomy":"category","embeddable":true,"href":"https:\/\/blogs.amarinha.gal\/ribadeando\/wp-json\/wp\/v2\/categories?post=8375"},{"taxonomy":"post_tag","embeddable":true,"href":"https:\/\/blogs.amarinha.gal\/ribadeando\/wp-json\/wp\/v2\/tags?post=8375"}],"curies":[{"name":"wp","href":"https:\/\/api.w.org\/{rel}","templated":true}]}}