{"id":8373,"date":"2010-05-12T14:10:00","date_gmt":"2010-05-12T12:10:00","guid":{"rendered":""},"modified":"2024-11-12T14:58:13","modified_gmt":"2024-11-12T13:58:13","slug":"cainme-do-mundo-e-non-sei-por-onde-se","status":"publish","type":"post","link":"https:\/\/blogs.amarinha.gal\/ribadeando\/2010\/05\/12\/cainme-do-mundo-e-non-sei-por-onde-se\/","title":{"rendered":"Ca\u00ednme do mundo e non sei por onde se entra"},"content":{"rendered":"<p>O t\u00edtulo corresponde a un texto de <a href=\"http:\/\/gl.wikipedia.org\/wiki\/Eduardo_Galeano\">Eduardo Galeano<\/a> que me enviou un amigo nun correo. Procureino logo na rede, e aqu\u00ed est\u00e1 a ligaz\u00f3n: <a href=\"http:\/\/www.diariodelsurdigital.com.ar\/Me-cai-del-mundo-y-no-se-por-donde-se-entra\">http:\/\/www.diariodelsurdigital.com.ar\/Me-cai-del-mundo-y-no-se-por-donde-se-entra<\/a>. Recomendo a s\u00faa lectura. E o pensar como evitar alg\u00fans feitos que se comentan nela. Sobre cousas materiais e non materiais. E sobre a crise, econ\u00f3mica, ambiental, &#8230; que tam\u00e9n ten relaci\u00f3n.<\/p>\n","protected":false},"excerpt":{"rendered":"<p>O t\u00edtulo corresponde a un texto de Eduardo Galeano que me enviou un amigo nun correo. Procureino logo na rede, e aqu\u00ed est\u00e1 a ligaz\u00f3n: http:\/\/www.diariodelsurdigital.com.ar\/Me-cai-del-mundo-y-no-se-por-donde-se-entra. Recomendo a s\u00faa lectura. E o pensar como evitar alg\u00fans feitos que se comentan nela. Sobre cousas materiais e non materiais. E sobre a crise, econ\u00f3mica, ambiental, &#8230; que [&hellip;]<\/p>\n","protected":false},"author":3,"featured_media":0,"comment_status":"open","ping_status":"closed","sticky":false,"template":"","format":"standard","meta":{"activitypub_content_warning":"","activitypub_content_visibility":"","activitypub_max_image_attachments":3,"activitypub_interaction_policy_quote":"anyone","activitypub_status":"federate","footnotes":""},"categories":[1],"tags":[32],"class_list":["post-8373","post","type-post","status-publish","format-standard","hentry","category-sen-categoria","tag-filosofia"],"_links":{"self":[{"href":"https:\/\/blogs.amarinha.gal\/ribadeando\/wp-json\/wp\/v2\/posts\/8373","targetHints":{"allow":["GET"]}}],"collection":[{"href":"https:\/\/blogs.amarinha.gal\/ribadeando\/wp-json\/wp\/v2\/posts"}],"about":[{"href":"https:\/\/blogs.amarinha.gal\/ribadeando\/wp-json\/wp\/v2\/types\/post"}],"author":[{"embeddable":true,"href":"https:\/\/blogs.amarinha.gal\/ribadeando\/wp-json\/wp\/v2\/users\/3"}],"replies":[{"embeddable":true,"href":"https:\/\/blogs.amarinha.gal\/ribadeando\/wp-json\/wp\/v2\/comments?post=8373"}],"version-history":[{"count":0,"href":"https:\/\/blogs.amarinha.gal\/ribadeando\/wp-json\/wp\/v2\/posts\/8373\/revisions"}],"wp:attachment":[{"href":"https:\/\/blogs.amarinha.gal\/ribadeando\/wp-json\/wp\/v2\/media?parent=8373"}],"wp:term":[{"taxonomy":"category","embeddable":true,"href":"https:\/\/blogs.amarinha.gal\/ribadeando\/wp-json\/wp\/v2\/categories?post=8373"},{"taxonomy":"post_tag","embeddable":true,"href":"https:\/\/blogs.amarinha.gal\/ribadeando\/wp-json\/wp\/v2\/tags?post=8373"}],"curies":[{"name":"wp","href":"https:\/\/api.w.org\/{rel}","templated":true}]}}