{"id":8371,"date":"2010-05-14T07:37:00","date_gmt":"2010-05-14T05:37:00","guid":{"rendered":""},"modified":"2024-11-12T14:58:11","modified_gmt":"2024-11-12T13:58:11","slug":"regularizando-situacions","status":"publish","type":"post","link":"https:\/\/blogs.amarinha.gal\/ribadeando\/2010\/05\/14\/regularizando-situacions\/","title":{"rendered":"Regularizando situaci\u00f3ns"},"content":{"rendered":"<p>Dende hai agora un ano vi\u00f1a coleando unha situaci\u00f3n inusual na direcci\u00f3n da Escola Municipal de M\u00fasica e Danza de Ribadeo. A finalizaci\u00f3n hai pouco tempo d<a href=\"http:\/\/www.ribadeo.org\/actualidade\/nova.php?id=484&amp;lg=gal\">o expediente levantado a Louren\u00e7o Cruz desembocou onte en que fora despedido<\/a>. Queda unha actuaci\u00f3n no xulgado, e o paso de provisional a definitiva a resoluci\u00f3n sobre a direcci\u00f3n da escola e da banda, que seguen a ser dirixidas polo momento sen a convocatoria que ser\u00eda normal. As\u00ed as cousas, o cami\u00f1o das d\u00faas instituci\u00f3ns v\u00e1is aclarando, e co concerto das letras galegas, que se realizar\u00e1 o domingo, marcar\u00e1 un paso m\u00e1is \u00e1 normalizaci\u00f3n da situaci\u00f3n.<br \/>\nTam\u00e9n hai un <a href=\"http:\/\/www.lavozdegalicia.es\/amarina\/2010\/05\/14\/0003_8482020.htm\">intento de re-regularizaci\u00f3n noutro asunto relativo \u00f3 concello<\/a>: despois de que o xulgado asignara \u00f3 anterior alcalde un pago por parte do concello de 13 581\u20ac, un rec\u00e1lculo por parte dos t\u00e9cnicos municipais rebaixa a cifra en 3 000\u20ac, a parte de pedir instrucci\u00f3ns sobre outros aspectos como a quen corresponde facer o dep\u00f3sito do IRPF. Naturalmente, neste caso a cousa continuar\u00e1.<\/p>\n","protected":false},"excerpt":{"rendered":"<p>Dende hai agora un ano vi\u00f1a coleando unha situaci\u00f3n inusual na direcci\u00f3n da Escola Municipal de M\u00fasica e Danza de Ribadeo. A finalizaci\u00f3n hai pouco tempo do expediente levantado a Louren\u00e7o Cruz desembocou onte en que fora despedido. Queda unha actuaci\u00f3n no xulgado, e o paso de provisional a definitiva a resoluci\u00f3n sobre a direcci\u00f3n [&hellip;]<\/p>\n","protected":false},"author":3,"featured_media":0,"comment_status":"open","ping_status":"closed","sticky":false,"template":"","format":"standard","meta":{"activitypub_content_warning":"","activitypub_content_visibility":"","activitypub_max_image_attachments":3,"activitypub_interaction_policy_quote":"anyone","activitypub_status":"federate","footnotes":""},"categories":[1],"tags":[9],"class_list":["post-8371","post","type-post","status-publish","format-standard","hentry","category-sen-categoria","tag-sociedade"],"_links":{"self":[{"href":"https:\/\/blogs.amarinha.gal\/ribadeando\/wp-json\/wp\/v2\/posts\/8371","targetHints":{"allow":["GET"]}}],"collection":[{"href":"https:\/\/blogs.amarinha.gal\/ribadeando\/wp-json\/wp\/v2\/posts"}],"about":[{"href":"https:\/\/blogs.amarinha.gal\/ribadeando\/wp-json\/wp\/v2\/types\/post"}],"author":[{"embeddable":true,"href":"https:\/\/blogs.amarinha.gal\/ribadeando\/wp-json\/wp\/v2\/users\/3"}],"replies":[{"embeddable":true,"href":"https:\/\/blogs.amarinha.gal\/ribadeando\/wp-json\/wp\/v2\/comments?post=8371"}],"version-history":[{"count":0,"href":"https:\/\/blogs.amarinha.gal\/ribadeando\/wp-json\/wp\/v2\/posts\/8371\/revisions"}],"wp:attachment":[{"href":"https:\/\/blogs.amarinha.gal\/ribadeando\/wp-json\/wp\/v2\/media?parent=8371"}],"wp:term":[{"taxonomy":"category","embeddable":true,"href":"https:\/\/blogs.amarinha.gal\/ribadeando\/wp-json\/wp\/v2\/categories?post=8371"},{"taxonomy":"post_tag","embeddable":true,"href":"https:\/\/blogs.amarinha.gal\/ribadeando\/wp-json\/wp\/v2\/tags?post=8371"}],"curies":[{"name":"wp","href":"https:\/\/api.w.org\/{rel}","templated":true}]}}