{"id":8370,"date":"2010-05-15T09:29:00","date_gmt":"2010-05-15T07:29:00","guid":{"rendered":""},"modified":"2024-11-12T14:58:09","modified_gmt":"2024-11-12T13:58:09","slug":"nota-de-prensa-de-o-teeson-denuncia-o","status":"publish","type":"post","link":"https:\/\/blogs.amarinha.gal\/ribadeando\/2010\/05\/15\/nota-de-prensa-de-o-teeson-denuncia-o\/","title":{"rendered":"Nota de prensa de O Tes\u00f3n: denuncia \u00f3 &#8216;La Nueva Espa\u00f1a&#8217;"},"content":{"rendered":"<p>AVV O Tes\u00f3n<br \/>\nNota de Prensa<br \/>\nDenuncia contra &#8216;La Nueva Espa\u00f1a&#8217;<\/p>\n<p>Tras decisi\u00f3n da directiva da asociaci\u00f3n de veci\u00f1os O Tes\u00f3n, no d\u00eda de onte, xoves 13 de maio, o Presidente da mesma ten presentado denuncia contra o diario &#8216;La Nueva Espa\u00f1a&#8217;. O motivo da denuncia \u00e9, despois de longos anos de ter usado dito diario de xeito constante o top\u00f3nimo de &#8216;r\u00eda del Eo&#8217; en troques do legal &#8216;r\u00eda de Ribadeo&#8217;, a <a href=\"http:\/\/ribadeando.blogspot.com\/2010\/05\/arqueoloxia-na-ria-de-ribadeo.html\">acusaci\u00f3n de dito diario de que diversas instancias galegas queren impor o top\u00f3nimo legal de xeito insidioso<\/a>. As\u00ed por exemplo no artigo \u201c<a href=\"http:\/\/www.lne.es\/asturias\/2010\/05\/05\/galicia-quiere-canones-eo\/910678.html\">Galicia quiere los ca\u00f1ones del Eo<\/a>\u201d, do d\u00eda 5 do presente mes, entre outras cousas relativas \u00f3 nome da r\u00eda e \u00f3 patrimonio, aparece o texto \u201cpara las dos orillas de la r\u00eda del Eo, cuya denominaci\u00f3n los nacionalistas gallegos quer\u00edan cambiar por el de r\u00eda de Ribadeo\u201d.<br \/>\nPo iso, ante o que consideramos un ataque que ven sendo reiterado de diversos xeitos contra os intereses de Ribadeo, e ante a falta doutras respostas, decidimos intervir para tentar que cesen ditos ataques coa presentaci\u00f3n da denuncia mencionada e en defensa do nome e patrimonio ribadenses.<br \/>\nRibadeo, 14 de maio de 2010.<\/p>\n<p>P.S.: Acomp\u00e1\u00f1ase a continuaci\u00f3n a parte principal do texto da denuncia:<br \/>\n<span style=\"font-style: italic;\">\u201c(&#8230;) presentamos denuncia contra do diario ovetense La Nueva Espa\u00f1a, que de forma reiterada e ensidiosa nomea a R\u00eda de Ribadeo co nome err\u00f3neo de R\u00eda do Eo.<br \/>\nOs veci\u00f1os consideramos que esto atenta de forma clara contra o noso patrimonio hist\u00f3rico de Ribadeo, e esto ocorre desde fai m\u00e1is de 20 anos, a partires de abrirse o tr\u00e1fico a Ponte dos Santos en 1987, e agora incluso de forma m\u00e1is teimuda, se cabe, a partires da resoluci\u00f3n do Ministerio de Fomento de 13 de marzo de 2008, na que a Comisi\u00f3n Especializada de Nombres Geogr\u00e1ficos, decide e sost\u00e9n, literalmente, \u201ccon contundencia\u201d que o \u00fanico nome que debe otorgarse \u00e1 r\u00eda e o nome de R\u00eda de Ribadeo, pois: \u201ces la que est\u00e1 generalizada en toda la cartograf\u00eda hidrogr\u00e1fica, topograf\u00eda, atlas y publicaciones geogr\u00e1ficas de caracter cient\u00edfico, a nivel mundial, no hay ninguna raz\u00f3n para que se cambie esa denominaci\u00f3n por la R\u00eda del Eo que, como queda demostrado, es un top\u00f3nimo creado recientemente y err\u00f3neo&#8230;\u201d<br \/>\nPero agora vemos que este xornal, xa non s\u00f3 se conforma coa difamaci\u00f3n da nosa top\u00f3nimia hist\u00f3rica sen\u00f3n que con un cinismo inusual, no artigo de m\u00e9rcores 5 de Mayo de 2010, menciona que os restos que hai no fondo do \u201cestuario\u201d son de pertenza \u201casturiana\u201d e retrata a raqueros do pecio hist\u00f3rico de \u201cEl Galgo de Andaluc\u00eda\u201d como se de h\u00e9roes e patriotas se tratara. Con este artigo cremos que se falta o m\u00e1is absoluto rigor hist\u00f3rico, para crear pol\u00e9mica coa soa finalidad do afan de lucro evidente por parte do Consello de Redacci\u00f3n do xornal, posto que se obvia a historia de esta fragata espa\u00f1ola de 24 can\u00f3ns de avancarga,que desde 27 de setembro de 1719 est\u00e1 afundida a causa do ataque pirata de tres fragatas inglesas, \u201cWeymouth\u201d; \u201cGalley\u201d e outra m\u00e1is da que non se sabe o nome, que entraron a roubar o porto e a Vila de Ribadeo, e cuxo Concello tivo que pagar rescate para librarse do ultraxe a que foi sometido.<br \/>\nCon este tipo de actuaci\u00f3ns fora de toda \u00e9tica e c\u00f3digo deontol\u00f3xico period\u00edstico  que debe existir en toda Redacci\u00f3n de un peri\u00f3dico p\u00fablico, creemos que se atenta de forma clara contra do respeto fraternal entre xentes que se rixen pola mesma Constituci\u00f3n Espa\u00f1ola, que ampara os dereitos e rixe as libertades do noso pais.<br \/>\nOs artigos sobre patrimonio que se vulneran da Constituci\u00f3n Espa\u00f1ola de 1<\/span><a onblur=\"try {parent.deselectBloggerImageGracefully();} catch(e) {}\" href=\"https:\/\/blogger.googleusercontent.com\/img\/b\/R29vZ2xl\/AVvXsEhL3jx44Q_pyjdEQ2sGa2Xcv53Jm2s5K4y3yJ9aFUaidQnjjIAz13UHNiWzwMxon8zqGvneKAP-vSCGvHr60ZNbDXlIaKy5F84kJ-H-EMRvnjUeOEhdYZiuUD_QqTiF3ceqwHmcZQ\/s2048\/Quixote.jpg\"><img decoding=\"async\" src=\"https:\/\/blogger.googleusercontent.com\/img\/b\/R29vZ2xl\/AVvXsEhL3jx44Q_pyjdEQ2sGa2Xcv53Jm2s5K4y3yJ9aFUaidQnjjIAz13UHNiWzwMxon8zqGvneKAP-vSCGvHr60ZNbDXlIaKy5F84kJ-H-EMRvnjUeOEhdYZiuUD_QqTiF3ceqwHmcZQ\/s2048\/Quixote.jpg\" alt=\"\" \/><\/a><span style=\"font-style: italic;\">978, cremos que son os seguintes: (&#8230;)<\/span><br \/>\n<span style=\"font-style: italic;\">E os artigos de competencias das comunidades Aut\u00f3nomas: (&#8230;)<\/span><br \/>\n<span style=\"font-style: italic;\">Desde a Asocaci\u00f3n de Veci\u00f1os \u201cO Tes\u00f3n\u201d, esiximoslle a esa redacci\u00f3n unha rectificaci\u00f3<\/span><span style=\"font-style: italic;\">n <\/span><span style=\"font-style: italic;\">p\u00fablica e o uso do top\u00f3nimo R\u00eda de Ribadeo sempre no sucesivo\u201d<\/span><br \/>\nFar\u00e1 O Tes\u00f3n como O Quixote, defendendo causas perdidas nun mundo que non funciona as\u00ed? Reaccionar\u00e1n as autoridades?<br \/>\n<a href=\"http:\/\/o-teson.blogspot.com\/2010\/05\/nota-de-prensa-denuncia-la-nueva-espana.html\">No blog de O Tes\u00f3n<\/a>.<\/p>\n","protected":false},"excerpt":{"rendered":"<p>AVV O Tes\u00f3n Nota de Prensa Denuncia contra &#8216;La Nueva Espa\u00f1a&#8217; Tras decisi\u00f3n da directiva da asociaci\u00f3n de veci\u00f1os O Tes\u00f3n, no d\u00eda de onte, xoves 13 de maio, o Presidente da mesma ten presentado denuncia contra o diario &#8216;La Nueva Espa\u00f1a&#8217;. O motivo da denuncia \u00e9, despois de longos anos de ter usado dito [&hellip;]<\/p>\n","protected":false},"author":3,"featured_media":0,"comment_status":"open","ping_status":"closed","sticky":false,"template":"","format":"standard","meta":{"activitypub_content_warning":"","activitypub_content_visibility":"","activitypub_max_image_attachments":3,"activitypub_interaction_policy_quote":"anyone","activitypub_status":"federate","footnotes":""},"categories":[1],"tags":[74],"class_list":["post-8370","post","type-post","status-publish","format-standard","hentry","category-sen-categoria","tag-o-teson"],"_links":{"self":[{"href":"https:\/\/blogs.amarinha.gal\/ribadeando\/wp-json\/wp\/v2\/posts\/8370","targetHints":{"allow":["GET"]}}],"collection":[{"href":"https:\/\/blogs.amarinha.gal\/ribadeando\/wp-json\/wp\/v2\/posts"}],"about":[{"href":"https:\/\/blogs.amarinha.gal\/ribadeando\/wp-json\/wp\/v2\/types\/post"}],"author":[{"embeddable":true,"href":"https:\/\/blogs.amarinha.gal\/ribadeando\/wp-json\/wp\/v2\/users\/3"}],"replies":[{"embeddable":true,"href":"https:\/\/blogs.amarinha.gal\/ribadeando\/wp-json\/wp\/v2\/comments?post=8370"}],"version-history":[{"count":0,"href":"https:\/\/blogs.amarinha.gal\/ribadeando\/wp-json\/wp\/v2\/posts\/8370\/revisions"}],"wp:attachment":[{"href":"https:\/\/blogs.amarinha.gal\/ribadeando\/wp-json\/wp\/v2\/media?parent=8370"}],"wp:term":[{"taxonomy":"category","embeddable":true,"href":"https:\/\/blogs.amarinha.gal\/ribadeando\/wp-json\/wp\/v2\/categories?post=8370"},{"taxonomy":"post_tag","embeddable":true,"href":"https:\/\/blogs.amarinha.gal\/ribadeando\/wp-json\/wp\/v2\/tags?post=8370"}],"curies":[{"name":"wp","href":"https:\/\/api.w.org\/{rel}","templated":true}]}}