{"id":8364,"date":"2010-05-18T09:16:00","date_gmt":"2010-05-18T07:16:00","guid":{"rendered":""},"modified":"2024-11-12T14:58:02","modified_gmt":"2024-11-12T13:58:02","slug":"sobre-os-dereitos-igualdade-e","status":"publish","type":"post","link":"https:\/\/blogs.amarinha.gal\/ribadeando\/2010\/05\/18\/sobre-os-dereitos-igualdade-e\/","title":{"rendered":"Sobre os dereitos, igualdade e felicidade"},"content":{"rendered":"<p>Hai un par de semanas pod\u00eda lerse nun titular de prensa: &#8216;<a href=\"http:\/\/www.publico.es\/culturas\/309508\/desigualdades\/perjudican\/felicidad\">As desigualdades perxudican \u00e1 felicidade<\/a>&#8216;. Non \u00e9 ningunha novidade, pois periodicamente estudos e novas ve\u00f1en a confirmalo: as sociedades m\u00e1is igualitarias e participativas tenden acadar maiores \u00edndices de felicidade, medida por diversos par\u00e1metros. De feito, o Premio Nobel de econom\u00eda <a href=\"http:\/\/gl.wikipedia.org\/wiki\/Amartya_Sen\">Amartya Sen<\/a>, a quen non \u00e9 a primeira vez que menciono no blog (<a href=\"http:\/\/ribadeando.blogspot.com\/2006_02_01_archive.html\">1<\/a>, <a href=\"http:\/\/ribadeando.blogspot.com\/2007_07_01_archive.html\">2<\/a>, <a href=\"http:\/\/ribadeando.blogspot.com\/2009_02_01_archive.html\">3<\/a>), chegou \u00f3 galard\u00f3n a costa de afondar precisamente no tema.<br \/>\nHoxe aparece no <a href=\"http:\/\/o-teson.blogspot.com\/\">blog de O Tes\u00f3n<\/a> unha nota de prensa sobre a votaci\u00f3n, no pleno do pasado luns, da modificaci\u00f3n dos requisitos de entrada \u00f3 hospital asilo: a igualdade de dereitos e a posibilidade do seu exercicio, a perspectiva dun futuro cuns m\u00ednimos asegurado, son unha compo\u00f1ente fundamental da felicidade actual. \u00c9 dicir, o que se votou ten abondo que ver coa tranquilidade da xente que se vai achegando \u00e1 idade de xubilaci\u00f3n e os seus familiares.<br \/>\nDeixo a continuaci\u00f3n a copia da <a href=\"http:\/\/o-teson.blogspot.com\/2010\/05\/esmos-dereitos-nota-de-prensa-sobre-o.html\">nota de prensa de O Tes\u00f3n sobre os requisitos de ingreso no hospital asilo de San Sebasti\u00e1n e San L\u00e1zaro de Ribadeo<\/a>:<br \/>\n&#8216;<span style=\"font-style: italic;\">Mesmos dereitos<\/span><br \/>\n<span style=\"font-style: italic;\">Estes son os requisitos de ingreso no hospital asilo de San Sebasti\u00e1n e San L\u00e1zaro de Ribadeo, segundo estaban ata o pleno de 10 de maio:<\/span><br \/>\n<span style=\"font-style: italic;\">\u201cMaior de 65 anos ou de 60 e pensionista.<\/span><br \/>\n<span style=\"font-style: italic;\">Residente no concello cunha antig\u00fcidade de alomenos 2 anos.\u201d<\/span><br \/>\n<span style=\"font-style: italic;\">En xaneiro, plantexouse no pleno unha modificaci\u00f3n do artigo do regulamento que fac\u00eda variar os requisitos de ingreso. O motivo, o ser co\u00f1ecedor un grupo pol\u00edtico de dous casos de xente que quer\u00eda entrar e non cumpr\u00eda o requisito de antig\u00fcidade no concello, tendo sido veci\u00f1o de Ribadeo.<\/span><br \/>\n<span style=\"font-style: italic;\">Tivo lugar a aprobaci\u00f3n de primeiras dunha modificaci\u00f3n, coa apertura do periodo de alegaci\u00f3ns. O tes\u00f3n presentou as s\u00faas:<\/span><br \/>\n<span style=\"font-style: italic;\">&#8216;En relaci\u00f3n \u00f3 prazo de alegaci\u00f3ns para a variaci\u00f3n do Regulamento que rixe o Hospital Asilo, exp\u00f3n<\/span><br \/>\n<span style=\"font-style: italic;\">Que a asociaci\u00f3n considera convinte ter unha consideraci\u00f3n cos ribadenses que tiveron que emigrar, para o que prop\u00f3n incorporar como requisitos nos correspondentes estatutos:<\/span><br \/>\n<span style=\"font-style: italic;\">\u201c1.Maior de 65 anos no caso xeral, ou de 60 sendo pensionista.<\/span><br \/>\n<span style=\"font-style: italic;\">2.Residente no concello de Ribadeo cunha antig\u00fcidade de alomenos dous anos de empadroamento. No caso de ter emigrado, poder demostrar fehacientemente unha residencia en calquera momento da s\u00faa vida de dous anos, m\u00e1is un ano por cada cinco que te\u00f1a estado empadroado f\u00f3ra de Ribadeo.\u201d<\/span><br \/>\n<span style=\"font-style: italic;\">A variaci\u00f3n proposta, no punto 2, tenta favorecer \u00f3s nados ribadenses ou veci\u00f1os que pasaron tempo en Ribadeo con anterioridade, de xeito que por exemplo calquera que tivera emigrado xa \u00f3s 13 anos de idade e sexa pensionista con 60 anos ter\u00eda acceso a unha praza a\u00ednda que vi\u00f1era direitamente de calquera outro lugar, despois de estar empadroado 47 anos consecutivos f\u00f3ra de Ribadeo.&#8217;<\/span><br \/>\n<span style=\"font-style: italic;\">Non tivo ning\u00fan voto a favor, sendo rexeitada polo tanto xa en comisi\u00f3n, e como a outra proposta de variaci\u00f3n tampouco foi adiante (do BNG; s\u00f3 tivo os propios votos), quedaron variados os requisitos de entrada, de xeito que agora calquera que pasara dous anos empadroado en Ribadeo, cando f\u00f3ra, ten os mesmos dereitos. S\u00f3 unha pregunta: \u00e9 l\u00f3xico que algu\u00e9n que pasara os dous primeiros anos da s\u00faa vida en Ribadeo, al\u00f3 polos corenta do s\u00e9culo pasado, te\u00f1a os mesmos dereitos de asilo que quen pasara en Ribadeo entre os 10 e os 12 anos, polos cincoenta, ou oito meses nos cincoenta, oito nos sesenta e oito nos setenta, ou quen pasara os dous \u00faltimos antes de pedir a s\u00faa entrada no asilo?<\/span><br \/>\n<span style=\"font-style: italic;\">Polo dito no pleno no que se fixo a aprobaci\u00f3n inicial, foron d\u00faas persoas as que motivaron este cambio. A mesma semana que foi aprobado con car\u00e1cter definitiva a proposta de ter dous anos de censo en calquera circunstancia, na Comarca del Eo de 15 de maio aparec\u00edan outras d\u00faas persoas que non te\u00f1en praza e quixeran tela. \u00d3 mellor \u00e9 que dende o Tes\u00f3n non explicamos a nosa postura a tempo, fi\u00e1ndonos nun di\u00e1logo social transparente. O caso \u00e9 que non prosperou. E que os criterios de entrada no hospital deben perfeccionarse.<\/span><br \/>\n<span style=\"font-style: italic;\">AVV O Tes\u00f3n<\/span>&#8216;<br \/>\nUnha nota final: por erro, non aparece que o punto terceiro das condici\u00f3ns tam\u00e9n haber\u00eda que cambialo, pois di que se favorecer\u00e1 \u00e1 xente coa renda m\u00e1is baixa, pero a) non especifica c\u00f3mo e b) non considera que a parte da renda, pode haber patrimonio.<\/p>\n","protected":false},"excerpt":{"rendered":"<p>Hai un par de semanas pod\u00eda lerse nun titular de prensa: &#8216;As desigualdades perxudican \u00e1 felicidade&#8216;. Non \u00e9 ningunha novidade, pois periodicamente estudos e novas ve\u00f1en a confirmalo: as sociedades m\u00e1is igualitarias e participativas tenden acadar maiores \u00edndices de felicidade, medida por diversos par\u00e1metros. De feito, o Premio Nobel de econom\u00eda Amartya Sen, a quen [&hellip;]<\/p>\n","protected":false},"author":3,"featured_media":0,"comment_status":"open","ping_status":"closed","sticky":false,"template":"","format":"standard","meta":{"activitypub_content_warning":"","activitypub_content_visibility":"","activitypub_max_image_attachments":3,"activitypub_interaction_policy_quote":"anyone","activitypub_status":"federate","footnotes":""},"categories":[1],"tags":[74,9],"class_list":["post-8364","post","type-post","status-publish","format-standard","hentry","category-sen-categoria","tag-o-teson","tag-sociedade"],"_links":{"self":[{"href":"https:\/\/blogs.amarinha.gal\/ribadeando\/wp-json\/wp\/v2\/posts\/8364","targetHints":{"allow":["GET"]}}],"collection":[{"href":"https:\/\/blogs.amarinha.gal\/ribadeando\/wp-json\/wp\/v2\/posts"}],"about":[{"href":"https:\/\/blogs.amarinha.gal\/ribadeando\/wp-json\/wp\/v2\/types\/post"}],"author":[{"embeddable":true,"href":"https:\/\/blogs.amarinha.gal\/ribadeando\/wp-json\/wp\/v2\/users\/3"}],"replies":[{"embeddable":true,"href":"https:\/\/blogs.amarinha.gal\/ribadeando\/wp-json\/wp\/v2\/comments?post=8364"}],"version-history":[{"count":0,"href":"https:\/\/blogs.amarinha.gal\/ribadeando\/wp-json\/wp\/v2\/posts\/8364\/revisions"}],"wp:attachment":[{"href":"https:\/\/blogs.amarinha.gal\/ribadeando\/wp-json\/wp\/v2\/media?parent=8364"}],"wp:term":[{"taxonomy":"category","embeddable":true,"href":"https:\/\/blogs.amarinha.gal\/ribadeando\/wp-json\/wp\/v2\/categories?post=8364"},{"taxonomy":"post_tag","embeddable":true,"href":"https:\/\/blogs.amarinha.gal\/ribadeando\/wp-json\/wp\/v2\/tags?post=8364"}],"curies":[{"name":"wp","href":"https:\/\/api.w.org\/{rel}","templated":true}]}}