{"id":8360,"date":"2010-05-19T22:07:00","date_gmt":"2010-05-19T20:07:00","guid":{"rendered":""},"modified":"2024-11-12T14:57:50","modified_gmt":"2024-11-12T13:57:50","slug":"morte-non-asasinato","status":"publish","type":"post","link":"https:\/\/blogs.amarinha.gal\/ribadeando\/2010\/05\/19\/morte-non-asasinato\/","title":{"rendered":"Morte, non asasinato"},"content":{"rendered":"<p>Un lector ou lectora leva varios comentarios en entradas anteriores, f\u00f3ra de tema da entrada correspondente, lembr\u00e1ndome que non dixen nada da anciana morta na fin de semana na cl\u00ednica onde estaba a consecuencias das queimaduras causadas por unha pelota que entrou na s\u00faa tenda. No seu momento, publiquei &#8216;<a href=\"http:\/\/ribadeando.blogspot.com\/2010\/04\/xogos-de-guerra.html\">xogos de guerra<\/a>&#8216;, e sigo pensando o mesmo despois da morte da anciana e de falar cos familiares.<br \/>\nCoido que hai que distinguir. E que hai uns tr\u00e1mites xudiciais en marcha. E que en poucas noticias (pero coido que en t\u00f3dolos medios) saiu que os mesmos que estaban coas pelotas f\u00f3ra da tenda, xunto con outros pequenos e maiores que estaban dentro e poideron resultar queimados, foron os primeiros en colaborar para tentar que o queimado fora o menor posible, \u00f3 ver o resultado das s\u00faas acci\u00f3ns.<br \/>\nDisculpalos? Non. Estou de acordo en que as responsabilidades hai que telas e levalas coas consecuencias, por moito que haxa unha compo\u00f1ente de insconsciencia grande, ou unha tentativa de diminu\u00edr o efecto. Pero distinguindo. E polo momento, se ben parece que se sabe ben quen foi implicado, no xulgado queda por determinar que culpabilidade te\u00f1en.<br \/>\nEstou de acordo en que actitudes de irresponsabilidade ou peor a\u00ednda, o mellor \u00e9 corrixilas cedo, mellor que tarde. Pero un linchamento non deixa de ser un linchamento, por moito que os linchados podan ser cualificados de v\u00e1ndalos. Polo menos, eso \u00e9 o que creo. Foi unha morte provocada, non un asasinato.<br \/>\nE no blog coido que te\u00f1o falado ata o momento da actualidade de tan s\u00f3 tres mortes, e nunca para tratar de criminales ou disculpar a causantes.<\/p>\n","protected":false},"excerpt":{"rendered":"<p>Un lector ou lectora leva varios comentarios en entradas anteriores, f\u00f3ra de tema da entrada correspondente, lembr\u00e1ndome que non dixen nada da anciana morta na fin de semana na cl\u00ednica onde estaba a consecuencias das queimaduras causadas por unha pelota que entrou na s\u00faa tenda. No seu momento, publiquei &#8216;xogos de guerra&#8216;, e sigo pensando [&hellip;]<\/p>\n","protected":false},"author":3,"featured_media":0,"comment_status":"open","ping_status":"closed","sticky":false,"template":"","format":"standard","meta":{"activitypub_content_warning":"","activitypub_content_visibility":"","activitypub_max_image_attachments":3,"activitypub_interaction_policy_quote":"anyone","activitypub_status":"federate","footnotes":""},"categories":[1],"tags":[9],"class_list":["post-8360","post","type-post","status-publish","format-standard","hentry","category-sen-categoria","tag-sociedade"],"_links":{"self":[{"href":"https:\/\/blogs.amarinha.gal\/ribadeando\/wp-json\/wp\/v2\/posts\/8360","targetHints":{"allow":["GET"]}}],"collection":[{"href":"https:\/\/blogs.amarinha.gal\/ribadeando\/wp-json\/wp\/v2\/posts"}],"about":[{"href":"https:\/\/blogs.amarinha.gal\/ribadeando\/wp-json\/wp\/v2\/types\/post"}],"author":[{"embeddable":true,"href":"https:\/\/blogs.amarinha.gal\/ribadeando\/wp-json\/wp\/v2\/users\/3"}],"replies":[{"embeddable":true,"href":"https:\/\/blogs.amarinha.gal\/ribadeando\/wp-json\/wp\/v2\/comments?post=8360"}],"version-history":[{"count":0,"href":"https:\/\/blogs.amarinha.gal\/ribadeando\/wp-json\/wp\/v2\/posts\/8360\/revisions"}],"wp:attachment":[{"href":"https:\/\/blogs.amarinha.gal\/ribadeando\/wp-json\/wp\/v2\/media?parent=8360"}],"wp:term":[{"taxonomy":"category","embeddable":true,"href":"https:\/\/blogs.amarinha.gal\/ribadeando\/wp-json\/wp\/v2\/categories?post=8360"},{"taxonomy":"post_tag","embeddable":true,"href":"https:\/\/blogs.amarinha.gal\/ribadeando\/wp-json\/wp\/v2\/tags?post=8360"}],"curies":[{"name":"wp","href":"https:\/\/api.w.org\/{rel}","templated":true}]}}