{"id":8355,"date":"2010-05-22T07:58:00","date_gmt":"2010-05-22T05:58:00","guid":{"rendered":""},"modified":"2024-11-12T14:57:43","modified_gmt":"2024-11-12T13:57:43","slug":"comidilla","status":"publish","type":"post","link":"https:\/\/blogs.amarinha.gal\/ribadeando\/2010\/05\/22\/comidilla\/","title":{"rendered":"Comidilla"},"content":{"rendered":"<p>Despois do <a href=\"http:\/\/ribadeando.blogspot.com\/2010\/05\/hoxe-actos-pero-primeiro-politica.html\">pleno de onte<\/a>, a principal conversa de Ribadeo nun tempo ser\u00e1 a moci\u00f3n de censura. cun condicionante a parte dos xa falados no blog. A oposici\u00f3n da estrutura provincial do PSOE a un apoio dun candidato do PP, despois de deixar claro este outro partido que de haber candidato, deb\u00eda ser da segunda forza m\u00e1is votada, eles, o PP. As apostas que se cruzan son se alg\u00fan edil do PSOE transgredir\u00e1 a orde do convenio existente a nivel Galicia ou non. Porque se non se acata, ch\u00e9gase ata os sete concelleriros necesarios para que prospere a moci\u00f3n de censura. Se se acata, non.<br \/>\nLuns, xuntanza do PSOE local.<\/p>\n","protected":false},"excerpt":{"rendered":"<p>Despois do pleno de onte, a principal conversa de Ribadeo nun tempo ser\u00e1 a moci\u00f3n de censura. cun condicionante a parte dos xa falados no blog. A oposici\u00f3n da estrutura provincial do PSOE a un apoio dun candidato do PP, despois de deixar claro este outro partido que de haber candidato, deb\u00eda ser da segunda [&hellip;]<\/p>\n","protected":false},"author":3,"featured_media":0,"comment_status":"open","ping_status":"closed","sticky":false,"template":"","format":"standard","meta":{"activitypub_content_warning":"","activitypub_content_visibility":"","activitypub_max_image_attachments":3,"activitypub_interaction_policy_quote":"anyone","activitypub_status":"federate","footnotes":""},"categories":[1],"tags":[13],"class_list":["post-8355","post","type-post","status-publish","format-standard","hentry","category-sen-categoria","tag-politica"],"_links":{"self":[{"href":"https:\/\/blogs.amarinha.gal\/ribadeando\/wp-json\/wp\/v2\/posts\/8355","targetHints":{"allow":["GET"]}}],"collection":[{"href":"https:\/\/blogs.amarinha.gal\/ribadeando\/wp-json\/wp\/v2\/posts"}],"about":[{"href":"https:\/\/blogs.amarinha.gal\/ribadeando\/wp-json\/wp\/v2\/types\/post"}],"author":[{"embeddable":true,"href":"https:\/\/blogs.amarinha.gal\/ribadeando\/wp-json\/wp\/v2\/users\/3"}],"replies":[{"embeddable":true,"href":"https:\/\/blogs.amarinha.gal\/ribadeando\/wp-json\/wp\/v2\/comments?post=8355"}],"version-history":[{"count":0,"href":"https:\/\/blogs.amarinha.gal\/ribadeando\/wp-json\/wp\/v2\/posts\/8355\/revisions"}],"wp:attachment":[{"href":"https:\/\/blogs.amarinha.gal\/ribadeando\/wp-json\/wp\/v2\/media?parent=8355"}],"wp:term":[{"taxonomy":"category","embeddable":true,"href":"https:\/\/blogs.amarinha.gal\/ribadeando\/wp-json\/wp\/v2\/categories?post=8355"},{"taxonomy":"post_tag","embeddable":true,"href":"https:\/\/blogs.amarinha.gal\/ribadeando\/wp-json\/wp\/v2\/tags?post=8355"}],"curies":[{"name":"wp","href":"https:\/\/api.w.org\/{rel}","templated":true}]}}