{"id":8354,"date":"2010-05-22T08:15:00","date_gmt":"2010-05-22T06:15:00","guid":{"rendered":""},"modified":"2024-11-12T14:57:42","modified_gmt":"2024-11-12T13:57:42","slug":"sobre-rinlo-mana-domingo","status":"publish","type":"post","link":"https:\/\/blogs.amarinha.gal\/ribadeando\/2010\/05\/22\/sobre-rinlo-mana-domingo\/","title":{"rendered":"Sobre Rinlo, ma\u00f1\u00e1 domingo."},"content":{"rendered":"<p>A ra\u00edz dunha nova nos xornais, recollo informaci\u00f3n diversa sobre Rinlo.<br \/>\n<a onblur=\"try {parent.deselectBloggerImageGracefully();} catch(e) {}\" href=\"https:\/\/blogger.googleusercontent.com\/img\/b\/R29vZ2xl\/AVvXsEgQTzAnxtckfGxR9SdzM5tJYL9Q4pj4kYHIf6sBCVXYkjswpPd3KfYrba64NP3RaKVJCRzkCfTM6RwBj0zatn9RQTfM5HKruDVKd6uUYBD0szbPldRNRLAgWjh-1SsHJNBUBf4j\/s2048\/cetareas%5B1%5D.jpg\"><img decoding=\"async\" src=\"https:\/\/blogger.googleusercontent.com\/img\/b\/R29vZ2xl\/AVvXsEgQTzAnxtckfGxR9SdzM5tJYL9Q4pj4kYHIf6sBCVXYkjswpPd3KfYrba64NP3RaKVJCRzkCfTM6RwBj0zatn9RQTfM5HKruDVKd6uUYBD0szbPldRNRLAgWjh-1SsHJNBUBf4j\/s2048\/cetareas%5B1%5D.jpg\" alt=\"\" \/><\/a><br \/>\nO <a href=\"http:\/\/www.adega.info\/info\/090121joomla\/files\/revista%20CERNA\/CERNA%2060.pdf\">comentario de Adega sobre a sentencia favorable \u00e1 ecolox\u00eda sobre a pretendida nova planta de acuicultura en Meirengos<\/a>.<br \/>\nA <a href=\"http:\/\/rinlobai.wordpress.com\/2010\/03\/17\/1071\/\">proposta parlamentaria de protecci\u00f3n do n\u00facleo de Rinlo<\/a>.<br \/>\nE a proposta para ma\u00f1\u00e1 domingo, recollida do blog &#8216;<a href=\"http:\/\/mrpatrimonio.blogspot.com\/\">Mari\u00f1a patrimonio<\/a>&#8216;:<\/p>\n<p align=\"center\"><span style=\"font-size:180%;\"><strong>PASEO POR RINLO. <\/strong><\/span><\/p>\n<p align=\"center\"><span style=\"font-size:180%;\"><strong>A ROTA DAS CET\u00c1REAS<br \/>\n<\/strong><\/span><\/p>\n<p align=\"center\">\n<p align=\"center\">\n<p align=\"center\">\n<p align=\"center\"><span style=\"font-size:130%;\"><strong><\/strong><\/span><\/p>\n<p align=\"center\"><span style=\"font-size:130%;\"><strong>Domingo, 23 de maio<\/strong><\/span><\/p>\n<p align=\"center\"><span style=\"font-size:130%;\"><strong>11 da ma\u00f1\u00e1<\/strong> <\/span><\/p>\n<p align=\"center\"><strong><span style=\"font-size:130%;\">Antiga Escola de Rinlo<br \/>\n<\/span> <\/strong><\/p>\n<p>Unha proposta diferente para o domingo.<\/p>\n","protected":false},"excerpt":{"rendered":"<p>A ra\u00edz dunha nova nos xornais, recollo informaci\u00f3n diversa sobre Rinlo. O comentario de Adega sobre a sentencia favorable \u00e1 ecolox\u00eda sobre a pretendida nova planta de acuicultura en Meirengos. A proposta parlamentaria de protecci\u00f3n do n\u00facleo de Rinlo. E a proposta para ma\u00f1\u00e1 domingo, recollida do blog &#8216;Mari\u00f1a patrimonio&#8216;: PASEO POR RINLO. A ROTA [&hellip;]<\/p>\n","protected":false},"author":3,"featured_media":0,"comment_status":"open","ping_status":"closed","sticky":false,"template":"","format":"standard","meta":{"activitypub_content_warning":"","activitypub_content_visibility":"","activitypub_max_image_attachments":3,"activitypub_interaction_policy_quote":"anyone","activitypub_status":"federate","footnotes":""},"categories":[1],"tags":[65],"class_list":["post-8354","post","type-post","status-publish","format-standard","hentry","category-sen-categoria","tag-arquitectura"],"_links":{"self":[{"href":"https:\/\/blogs.amarinha.gal\/ribadeando\/wp-json\/wp\/v2\/posts\/8354","targetHints":{"allow":["GET"]}}],"collection":[{"href":"https:\/\/blogs.amarinha.gal\/ribadeando\/wp-json\/wp\/v2\/posts"}],"about":[{"href":"https:\/\/blogs.amarinha.gal\/ribadeando\/wp-json\/wp\/v2\/types\/post"}],"author":[{"embeddable":true,"href":"https:\/\/blogs.amarinha.gal\/ribadeando\/wp-json\/wp\/v2\/users\/3"}],"replies":[{"embeddable":true,"href":"https:\/\/blogs.amarinha.gal\/ribadeando\/wp-json\/wp\/v2\/comments?post=8354"}],"version-history":[{"count":0,"href":"https:\/\/blogs.amarinha.gal\/ribadeando\/wp-json\/wp\/v2\/posts\/8354\/revisions"}],"wp:attachment":[{"href":"https:\/\/blogs.amarinha.gal\/ribadeando\/wp-json\/wp\/v2\/media?parent=8354"}],"wp:term":[{"taxonomy":"category","embeddable":true,"href":"https:\/\/blogs.amarinha.gal\/ribadeando\/wp-json\/wp\/v2\/categories?post=8354"},{"taxonomy":"post_tag","embeddable":true,"href":"https:\/\/blogs.amarinha.gal\/ribadeando\/wp-json\/wp\/v2\/tags?post=8354"}],"curies":[{"name":"wp","href":"https:\/\/api.w.org\/{rel}","templated":true}]}}