{"id":8351,"date":"2010-05-25T07:26:00","date_gmt":"2010-05-25T05:26:00","guid":{"rendered":""},"modified":"2024-11-12T14:57:38","modified_gmt":"2024-11-12T13:57:38","slug":"as-cruces-2010","status":"publish","type":"post","link":"https:\/\/blogs.amarinha.gal\/ribadeando\/2010\/05\/25\/as-cruces-2010\/","title":{"rendered":"As cruces 2010"},"content":{"rendered":"<p><a onblur=\"try {parent.deselectBloggerImageGracefully();} catch(e) {}\" href=\"https:\/\/blogger.googleusercontent.com\/img\/b\/R29vZ2xl\/AVvXsEiSw_SYxEa9cr-SACljqpKzdPrdusNMfoi3f2g8wyeOkTxjoZjW1XSAilNZWd9F-KyZEHBJ20gK8GSyzuJ4qjqXZDsCoqZ58osyJuFsKWKe-gtZDv-nsIsyJlj4RhYTJur3ldfe1A\/s2048\/Cruces+4.JPG\"><img decoding=\"async\" src=\"https:\/\/blogger.googleusercontent.com\/img\/b\/R29vZ2xl\/AVvXsEiSw_SYxEa9cr-SACljqpKzdPrdusNMfoi3f2g8wyeOkTxjoZjW1XSAilNZWd9F-KyZEHBJ20gK8GSyzuJ4qjqXZDsCoqZ58osyJuFsKWKe-gtZDv-nsIsyJlj4RhYTJur3ldfe1A\/s2048\/Cruces+4.JPG\" alt=\"\" \/><\/a>Este luns a festa de As cruces supuxo un descanso para moitos, pol\u00edticos inclu\u00eddos, que se achegaron al\u00ed. Nomeo o de pol\u00edticos porque por al\u00ed houbo unha boa representaci\u00f3n do concello ribadense, mentras que seguen de protagonistas nas novas diarias.<br \/>\nA festa, a primeira edici\u00f3n que ten actos en ata catro d\u00edas, a primeira que ten pregoeiro, etc, disfrutou dunha ma\u00f1\u00e1 de calor e afluencia de xente.<br \/>\n<a onblur=\"try {parent.deselectBloggerImageGracefully();} catch(e) {}\" href=\"https:\/\/blogger.googleusercontent.com\/img\/b\/R29vZ2xl\/AVvXsEiGWEM3NKxEQS2YFOWM702wiZSnHU5_G933XSjLopJz7CqTgABWwXUTS3h3l9JIVREFEjvyG_NuvyVHBq5SNomNeoivq-EHe13GnQ9u1_tb70a6FNEEA7S8-Yk24eLZK0vIQjt0bw\/s2048\/cruces+3.JPG\"><img decoding=\"async\" src=\"https:\/\/blogger.googleusercontent.com\/img\/b\/R29vZ2xl\/AVvXsEiGWEM3NKxEQS2YFOWM702wiZSnHU5_G933XSjLopJz7CqTgABWwXUTS3h3l9JIVREFEjvyG_NuvyVHBq5SNomNeoivq-EHe13GnQ9u1_tb70a6FNEEA7S8-Yk24eLZK0vIQjt0bw\/s2048\/cruces+3.JPG\" alt=\"\" \/><\/a>Quedan imaxes da procesi\u00f3n e do bandeo, onde se nota a cantidade de xente nun lugar tan pequeno.<br \/>\n<a onblur=\"try {parent.deselectBloggerImageGracefully();} catch(e) {}\" href=\"https:\/\/blogger.googleusercontent.com\/img\/b\/R29vZ2xl\/AVvXsEiBA9H4xKfgTXKV38HNj_ERaIo34ih2brNReHLZD4m_86xWQtw27PSFL7o-H_Xk_a7hiTYGybcNmm8d2x59xfqLmf7cxD2yx87ciA0za3nBIDBMgMfKOotBbuFF6WH2kAqy1ukENg\/s2048\/Cruces+2.jpg\"><img decoding=\"async\" src=\"https:\/\/blogger.googleusercontent.com\/img\/b\/R29vZ2xl\/AVvXsEiBA9H4xKfgTXKV38HNj_ERaIo34ih2brNReHLZD4m_86xWQtw27PSFL7o-H_Xk_a7hiTYGybcNmm8d2x59xfqLmf7cxD2yx87ciA0za3nBIDBMgMfKOotBbuFF6WH2kAqy1ukENg\/s2048\/Cruces+2.jpg\" alt=\"\" \/><\/a>Algunha ligaz\u00f3n:<br \/>\nDa festa de <a href=\"http:\/\/ribadeando.blogspot.com\/2008\/05\/comezando-protesta.html\">2008<\/a>.<br \/>\n<a href=\"http:\/\/publicadoenribadeo.wikispaces.com\/file\/view\/Nosa+Se%C3%B1ora+das+Virtudes+da+ponte.pdf\/65201276\/Nosa+Se%C3%B1ora+das+Virtudes+da+ponte.pdf\">Sobre a Nosa Se\u00f1ora das Virtudes de A Ponte, Arante.<\/a><br \/>\n<a onblur=\"try {parent.deselectBloggerImageGracefully();} catch(e) {}\" href=\"https:\/\/blogger.googleusercontent.com\/img\/b\/R29vZ2xl\/AVvXsEjsSpQCl6TaKH_9ClRTjycRSGv8W95TCU54BX_GfdEa1xy3QkJ_1Qyh_RovBMzSqk2pS4B7QAyNyiWQa5axzuEmWdS2PWrK187m-LcbxbZJCvSfKi5eQMOr-zXRcZtTHLuYGRVvyA\/s2048\/Cruces+1.jpg\"><img decoding=\"async\" src=\"https:\/\/blogger.googleusercontent.com\/img\/b\/R29vZ2xl\/AVvXsEjsSpQCl6TaKH_9ClRTjycRSGv8W95TCU54BX_GfdEa1xy3QkJ_1Qyh_RovBMzSqk2pS4B7QAyNyiWQa5axzuEmWdS2PWrK187m-LcbxbZJCvSfKi5eQMOr-zXRcZtTHLuYGRVvyA\/s2048\/Cruces+1.jpg\" alt=\"\" \/><\/a>Sobre a<a href=\"http:\/\/publicadoenribadeo.wikispaces.com\/file\/view\/Festas4.pdf\/84514007\/Festas4.pdf\"> festa das cruces<\/a>.<br \/>\nA \u00faltima imaxe \u00e9 o cartel (correspondente \u00f3 ano pasado) da representaci\u00f3n da batalla de Arante, ligada coa festa das Cruces.<br \/>\n<a onblur=\"try {parent.deselectBloggerImageGracefully();} catch(e) {}\" href=\"http:\/\/www.ribadeo.org\/imxd\/noticias\/imx\/1242905339cartel_recreacion_pequeno.jpg\"><img decoding=\"async\" src=\"http:\/\/www.ribadeo.org\/imxd\/noticias\/imx\/1242905339cartel_recreacion_pequeno.jpg\" alt=\"\" \/><\/a><\/p>\n","protected":false},"excerpt":{"rendered":"<p>Este luns a festa de As cruces supuxo un descanso para moitos, pol\u00edticos inclu\u00eddos, que se achegaron al\u00ed. Nomeo o de pol\u00edticos porque por al\u00ed houbo unha boa representaci\u00f3n do concello ribadense, mentras que seguen de protagonistas nas novas diarias. A festa, a primeira edici\u00f3n que ten actos en ata catro d\u00edas, a primeira que [&hellip;]<\/p>\n","protected":false},"author":3,"featured_media":0,"comment_status":"open","ping_status":"closed","sticky":false,"template":"","format":"standard","meta":{"activitypub_content_warning":"","activitypub_content_visibility":"","activitypub_max_image_attachments":3,"activitypub_interaction_policy_quote":"anyone","activitypub_status":"federate","footnotes":""},"categories":[1],"tags":[9],"class_list":["post-8351","post","type-post","status-publish","format-standard","hentry","category-sen-categoria","tag-sociedade"],"_links":{"self":[{"href":"https:\/\/blogs.amarinha.gal\/ribadeando\/wp-json\/wp\/v2\/posts\/8351","targetHints":{"allow":["GET"]}}],"collection":[{"href":"https:\/\/blogs.amarinha.gal\/ribadeando\/wp-json\/wp\/v2\/posts"}],"about":[{"href":"https:\/\/blogs.amarinha.gal\/ribadeando\/wp-json\/wp\/v2\/types\/post"}],"author":[{"embeddable":true,"href":"https:\/\/blogs.amarinha.gal\/ribadeando\/wp-json\/wp\/v2\/users\/3"}],"replies":[{"embeddable":true,"href":"https:\/\/blogs.amarinha.gal\/ribadeando\/wp-json\/wp\/v2\/comments?post=8351"}],"version-history":[{"count":0,"href":"https:\/\/blogs.amarinha.gal\/ribadeando\/wp-json\/wp\/v2\/posts\/8351\/revisions"}],"wp:attachment":[{"href":"https:\/\/blogs.amarinha.gal\/ribadeando\/wp-json\/wp\/v2\/media?parent=8351"}],"wp:term":[{"taxonomy":"category","embeddable":true,"href":"https:\/\/blogs.amarinha.gal\/ribadeando\/wp-json\/wp\/v2\/categories?post=8351"},{"taxonomy":"post_tag","embeddable":true,"href":"https:\/\/blogs.amarinha.gal\/ribadeando\/wp-json\/wp\/v2\/tags?post=8351"}],"curies":[{"name":"wp","href":"https:\/\/api.w.org\/{rel}","templated":true}]}}