{"id":8350,"date":"2010-05-26T07:18:00","date_gmt":"2010-05-26T05:18:00","guid":{"rendered":""},"modified":"2024-11-12T14:57:37","modified_gmt":"2024-11-12T13:57:37","slug":"palbras-ocas","status":"publish","type":"post","link":"https:\/\/blogs.amarinha.gal\/ribadeando\/2010\/05\/26\/palbras-ocas\/","title":{"rendered":"Palabras, ocas?"},"content":{"rendered":"<p>Hoxe \u00e9 d\u00eda de mercado en Ribadeo. Na praza c\u00f3mpranse e v\u00e9ndense mercador\u00edas varias. Na prensa, comentarios dos pol\u00edticos. Nada novo, pero facendo ru\u00eddo, neste caso, a conta da posible moci\u00f3n de censura. Como <a href=\"http:\/\/www.lavozdegalicia.es\/amarina\/2010\/05\/26\/0003_8507071.htm\">di un xornal, &#8220;de momento o que hai na pol\u00edtica ribadense \u00e9 moito ru\u00eddo.<\/a>&#8221; E \u00e9 que parece que a pol\u00edtica sofre asemade inflacci\u00f3n de ru\u00eddo, non en vano somos dos pa\u00edses do mundo con m\u00e1is contaminaci\u00f3n ac\u00fastica. Conecta moi ben co <a href=\"http:\/\/im-pulso.blogspot.com\/2010\/05\/cada-vez-mas-la-informacion-politica-es.html\">\u00faltimo post de Im-pulso, &#8220;cada vez m\u00e1is, a informaci\u00f3n pol\u00edtica \u00e9 un rosario de palabras ocas&#8221;<\/a>. Por suposto, non \u00e9 s\u00f3 que en troques de facer pol\u00edtica a oposici\u00f3n se de propaganda para ter m\u00e1is visibilidade que estes tres \u00faltimos anos, sen\u00f3n tam\u00e9n as notas institucionais dende o goberno municipal, as que estar\u00edan m\u00e1is en relaci\u00f3n co post de Im-pulso. Collendo un par\u00e1grafo deste, &#8220;burlar a labor dos informadores (&#8230;) porque unha vez esquivado o informador, todo \u00e9 noticia, inclu\u00edda a nada&#8221;. \u00c9 dicir, a producci\u00f3n dunha inflacci\u00f3n de novas produce unha desorientaci\u00f3n informativa, o que \u00e9 manipulable. Tanto como a falta da informaci\u00f3n, coa que est\u00e1 relacionada: non din que os extremos t\u00f3canse?<br \/>\nUnha nota: Uso moitas veces tanto a prensa como direitamente as notas de prensa do concello.<\/p>\n","protected":false},"excerpt":{"rendered":"<p>Hoxe \u00e9 d\u00eda de mercado en Ribadeo. Na praza c\u00f3mpranse e v\u00e9ndense mercador\u00edas varias. Na prensa, comentarios dos pol\u00edticos. Nada novo, pero facendo ru\u00eddo, neste caso, a conta da posible moci\u00f3n de censura. Como di un xornal, &#8220;de momento o que hai na pol\u00edtica ribadense \u00e9 moito ru\u00eddo.&#8221; E \u00e9 que parece que a pol\u00edtica [&hellip;]<\/p>\n","protected":false},"author":3,"featured_media":0,"comment_status":"open","ping_status":"closed","sticky":false,"template":"","format":"standard","meta":{"activitypub_content_warning":"","activitypub_content_visibility":"","activitypub_max_image_attachments":3,"activitypub_interaction_policy_quote":"anyone","activitypub_status":"federate","footnotes":""},"categories":[1],"tags":[13],"class_list":["post-8350","post","type-post","status-publish","format-standard","hentry","category-sen-categoria","tag-politica"],"_links":{"self":[{"href":"https:\/\/blogs.amarinha.gal\/ribadeando\/wp-json\/wp\/v2\/posts\/8350","targetHints":{"allow":["GET"]}}],"collection":[{"href":"https:\/\/blogs.amarinha.gal\/ribadeando\/wp-json\/wp\/v2\/posts"}],"about":[{"href":"https:\/\/blogs.amarinha.gal\/ribadeando\/wp-json\/wp\/v2\/types\/post"}],"author":[{"embeddable":true,"href":"https:\/\/blogs.amarinha.gal\/ribadeando\/wp-json\/wp\/v2\/users\/3"}],"replies":[{"embeddable":true,"href":"https:\/\/blogs.amarinha.gal\/ribadeando\/wp-json\/wp\/v2\/comments?post=8350"}],"version-history":[{"count":0,"href":"https:\/\/blogs.amarinha.gal\/ribadeando\/wp-json\/wp\/v2\/posts\/8350\/revisions"}],"wp:attachment":[{"href":"https:\/\/blogs.amarinha.gal\/ribadeando\/wp-json\/wp\/v2\/media?parent=8350"}],"wp:term":[{"taxonomy":"category","embeddable":true,"href":"https:\/\/blogs.amarinha.gal\/ribadeando\/wp-json\/wp\/v2\/categories?post=8350"},{"taxonomy":"post_tag","embeddable":true,"href":"https:\/\/blogs.amarinha.gal\/ribadeando\/wp-json\/wp\/v2\/tags?post=8350"}],"curies":[{"name":"wp","href":"https:\/\/api.w.org\/{rel}","templated":true}]}}