{"id":8347,"date":"2010-05-27T14:43:00","date_gmt":"2010-05-27T12:43:00","guid":{"rendered":""},"modified":"2024-11-12T14:57:33","modified_gmt":"2024-11-12T13:57:33","slug":"un-caso-de-victoria-vecinal","status":"publish","type":"post","link":"https:\/\/blogs.amarinha.gal\/ribadeando\/2010\/05\/27\/un-caso-de-victoria-vecinal\/","title":{"rendered":"Un caso de victoria veci\u00f1al"},"content":{"rendered":"<p>Na veci\u00f1as Figueiras hai alg\u00fan tempo que se deu a nova da <a href=\"http:\/\/ribadeando.blogspot.com\/2009\/12\/de-novo-en-torno-ria-de-ribadeo.html\">oposici\u00f3n veci\u00f1al primeiro<\/a>, e logo, <a href=\"http:\/\/www.lavozdegalicia.es\/amarina\/2010\/05\/04\/0003_8460215.htm\">acordo<\/a>, co aparcamento do Parque do Pelamio.<br \/>\nDende hai tres semanas, sen novas, implicar\u00eda que no houbo outros movementos sobre o tema. O caso \u00e9 que parece que aoposici\u00f3n veci\u00f1al,  ben ordenada, deu os seus froitos.<br \/>\nE nos tempos que corren, o saberse organizar \u00e9 fundamental para ter unha resposta adecuada.<\/p>\n","protected":false},"excerpt":{"rendered":"<p>Na veci\u00f1as Figueiras hai alg\u00fan tempo que se deu a nova da oposici\u00f3n veci\u00f1al primeiro, e logo, acordo, co aparcamento do Parque do Pelamio. Dende hai tres semanas, sen novas, implicar\u00eda que no houbo outros movementos sobre o tema. O caso \u00e9 que parece que aoposici\u00f3n veci\u00f1al, ben ordenada, deu os seus froitos. E nos [&hellip;]<\/p>\n","protected":false},"author":3,"featured_media":0,"comment_status":"open","ping_status":"closed","sticky":false,"template":"","format":"standard","meta":{"activitypub_content_warning":"","activitypub_content_visibility":"","activitypub_max_image_attachments":3,"activitypub_interaction_policy_quote":"anyone","activitypub_status":"federate","footnotes":""},"categories":[1],"tags":[9],"class_list":["post-8347","post","type-post","status-publish","format-standard","hentry","category-sen-categoria","tag-sociedade"],"_links":{"self":[{"href":"https:\/\/blogs.amarinha.gal\/ribadeando\/wp-json\/wp\/v2\/posts\/8347","targetHints":{"allow":["GET"]}}],"collection":[{"href":"https:\/\/blogs.amarinha.gal\/ribadeando\/wp-json\/wp\/v2\/posts"}],"about":[{"href":"https:\/\/blogs.amarinha.gal\/ribadeando\/wp-json\/wp\/v2\/types\/post"}],"author":[{"embeddable":true,"href":"https:\/\/blogs.amarinha.gal\/ribadeando\/wp-json\/wp\/v2\/users\/3"}],"replies":[{"embeddable":true,"href":"https:\/\/blogs.amarinha.gal\/ribadeando\/wp-json\/wp\/v2\/comments?post=8347"}],"version-history":[{"count":0,"href":"https:\/\/blogs.amarinha.gal\/ribadeando\/wp-json\/wp\/v2\/posts\/8347\/revisions"}],"wp:attachment":[{"href":"https:\/\/blogs.amarinha.gal\/ribadeando\/wp-json\/wp\/v2\/media?parent=8347"}],"wp:term":[{"taxonomy":"category","embeddable":true,"href":"https:\/\/blogs.amarinha.gal\/ribadeando\/wp-json\/wp\/v2\/categories?post=8347"},{"taxonomy":"post_tag","embeddable":true,"href":"https:\/\/blogs.amarinha.gal\/ribadeando\/wp-json\/wp\/v2\/tags?post=8347"}],"curies":[{"name":"wp","href":"https:\/\/api.w.org\/{rel}","templated":true}]}}