{"id":8346,"date":"2010-05-28T07:24:00","date_gmt":"2010-05-28T05:24:00","guid":{"rendered":""},"modified":"2024-11-12T14:57:32","modified_gmt":"2024-11-12T13:57:32","slug":"o-tren-para-ribadeo-non","status":"publish","type":"post","link":"https:\/\/blogs.amarinha.gal\/ribadeando\/2010\/05\/28\/o-tren-para-ribadeo-non\/","title":{"rendered":"O tren para, Ribadeo non"},"content":{"rendered":"<p>O expreso da Robla, tren tur\u00edstico cami\u00f1o de Santiago, ter\u00e1 unha parada en Ribadeo. Tr\u00e1tase dun novo impuso \u00f3 turismo: cear\u00e1n no parador a\u00ednda que durmir\u00e1n no tren, segundo as novas. \u00c9 dicir, un impulso \u00e1 noite dos xoves ribadense, exercido de xeito continuado dende xu\u00f1o a setembro, que \u00e9 de supo\u00f1er haber\u00e1 que complementar.<br \/>\nO anuncio, que se completar\u00e1 hoxe, ven acompa\u00f1ado na prensa dunha nova diatriba contra a SGAE, da que xa te\u00f1o falado abondo no blog (<a href=\"http:\/\/ribadeando.blogspot.com\/2009\/07\/un-tema-de-cartos.html\">0<\/a>, <a href=\"http:\/\/ribadeando.blogspot.com\/2008\/01\/copiando.html\">1<\/a>, <a href=\"http:\/\/ribadeando.blogspot.com\/2009\/04\/presencia-da-sgae.html\">2<\/a>, <a href=\"http:\/\/ribadeando.blogspot.com\/2009\/11\/sociedade-xeral-de-autores-e-editores.html\">3<\/a>, <a href=\"http:\/\/ribadeando.blogspot.com\/2010\/01\/unha-proposta-para-tesoureria-do.html\">4<\/a>, <a href=\"http:\/\/ribadeando.blogspot.com\/2009\/03\/en-galego-en-castelan-en-escrito-e-para.html\">5<\/a>, <a href=\"http:\/\/ribadeando.blogspot.com\/2008\/09\/30000.html\">6<\/a>, <a href=\"http:\/\/ribadeando.blogspot.com\/2008\/05\/marcando-pautas.html\">7<\/a>, <a href=\"http:\/\/ribadeando.blogspot.com\/2009\/07\/festival-de-bandas-ii.html\">8<\/a>, <a href=\"http:\/\/ribadeando.blogspot.com\/2007\/11\/pancho-maseda.html\">9<\/a>, <a href=\"http:\/\/ribadeando.blogspot.com\/2009\/09\/pleno-por-fases.html\">10<\/a>,  &#8230;) e ten sa\u00eddo outra nota na web do concello (<a href=\"http:\/\/www.ribadeo.org\/actualidade\/nova.php?id=336&amp;lg=gal\">1<\/a>, e ista, <a href=\"http:\/\/www.ribadeo.org\/actualidade\/nova.php?id=496&amp;lg=gal\">2<\/a>), diatriba que pretende recortar gastos, pero que entendo que debera de ser s\u00f3 unha de tantas cousas neste sentido.<br \/>\nPero sobre todo, ven acompa\u00f1ado dunha nova: o concello non para para tentar que non se perdan os cartos da obra da traves\u00eda cedida por Fomento, e que constituir\u00eda (esperemos, constituir\u00e1) unha obra fundamental para a estrutura de Ribadeo. \u00c9 dicir, parece que o equipo de goberno tenta continuar a normalidade do m\u00e1is posible, a\u00ednda dentro da ameaza da moci\u00f3n de censura, e segue coas s\u00faas prioridades. Hai que ter en conta que adem\u00e1is, unha inversi\u00f3n como a prevista na traves\u00eda, ten efecto multiplicador na dinamizaci\u00f3n econ\u00f3mica de Ribadeo, polo que non \u00e9 extrano que se tente seguir adiante, e m\u00e1is cando xa se ten demorado abondo polos cambios feitos para tentar favorecer \u00e1s empresas do \u00e1mbito ribadense e planea a d\u00fabida, a pesares da ampliaci\u00f3n do prazo de execuci\u00f3n concedida por Fomento, de que poda ser acometida en tempo. Neste caso, o importante da idea quiz\u00e1is sexa o t\u00edtulo da nova de hoxe na Voz: <a href=\"http:\/\/www.lavozdegalicia.es\/amarina\/2010\/05\/28\/0003_8512045.htm\">Suarez, alleo \u00e1 posible moci\u00f3n de censura, apremia \u00e1 oposici\u00f3n para adxudicar a obra da traves\u00eda<\/a>. (sobre o tema da traves\u00eda: <a href=\"http:\/\/www.lavozdegalicia.es\/amarina\/2010\/05\/28\/0003_8512045.htm\">1 [\u00faltimo pleno ordinario]<\/a>, <a href=\"http:\/\/ribadeando.blogspot.com\/2008\/07\/fxome-hoxe-nunha-nova-de-tdolos-das.html\">2<\/a><a href=\"http:\/\/ribadeando.blogspot.com\/2008\/07\/fxome-hoxe-nunha-nova-de-tdolos-das.html\"> [o inicio do tema]<\/a>, <a href=\"http:\/\/ribadeando.blogspot.com\/2010\/01\/sobre-o-pleno-de-20100118.html\">3<\/a>,<a href=\"http:\/\/ribadeando.blogspot.com\/2010\/04\/unha-obra-de-1m.html\"> 4 [prego de condici\u00f3ns de contrataci\u00f3n]<\/a>, &#8230;)<\/p>\n","protected":false},"excerpt":{"rendered":"<p>O expreso da Robla, tren tur\u00edstico cami\u00f1o de Santiago, ter\u00e1 unha parada en Ribadeo. Tr\u00e1tase dun novo impuso \u00f3 turismo: cear\u00e1n no parador a\u00ednda que durmir\u00e1n no tren, segundo as novas. \u00c9 dicir, un impulso \u00e1 noite dos xoves ribadense, exercido de xeito continuado dende xu\u00f1o a setembro, que \u00e9 de supo\u00f1er haber\u00e1 que complementar. [&hellip;]<\/p>\n","protected":false},"author":3,"featured_media":0,"comment_status":"open","ping_status":"closed","sticky":false,"template":"","format":"standard","meta":{"activitypub_content_warning":"","activitypub_content_visibility":"","activitypub_max_image_attachments":3,"activitypub_interaction_policy_quote":"anyone","activitypub_status":"federate","footnotes":""},"categories":[1],"tags":[21,9],"class_list":["post-8346","post","type-post","status-publish","format-standard","hentry","category-sen-categoria","tag-economia","tag-sociedade"],"_links":{"self":[{"href":"https:\/\/blogs.amarinha.gal\/ribadeando\/wp-json\/wp\/v2\/posts\/8346","targetHints":{"allow":["GET"]}}],"collection":[{"href":"https:\/\/blogs.amarinha.gal\/ribadeando\/wp-json\/wp\/v2\/posts"}],"about":[{"href":"https:\/\/blogs.amarinha.gal\/ribadeando\/wp-json\/wp\/v2\/types\/post"}],"author":[{"embeddable":true,"href":"https:\/\/blogs.amarinha.gal\/ribadeando\/wp-json\/wp\/v2\/users\/3"}],"replies":[{"embeddable":true,"href":"https:\/\/blogs.amarinha.gal\/ribadeando\/wp-json\/wp\/v2\/comments?post=8346"}],"version-history":[{"count":0,"href":"https:\/\/blogs.amarinha.gal\/ribadeando\/wp-json\/wp\/v2\/posts\/8346\/revisions"}],"wp:attachment":[{"href":"https:\/\/blogs.amarinha.gal\/ribadeando\/wp-json\/wp\/v2\/media?parent=8346"}],"wp:term":[{"taxonomy":"category","embeddable":true,"href":"https:\/\/blogs.amarinha.gal\/ribadeando\/wp-json\/wp\/v2\/categories?post=8346"},{"taxonomy":"post_tag","embeddable":true,"href":"https:\/\/blogs.amarinha.gal\/ribadeando\/wp-json\/wp\/v2\/tags?post=8346"}],"curies":[{"name":"wp","href":"https:\/\/api.w.org\/{rel}","templated":true}]}}