{"id":8339,"date":"2010-06-01T07:25:00","date_gmt":"2010-06-01T05:25:00","guid":{"rendered":""},"modified":"2024-11-12T14:57:15","modified_gmt":"2024-11-12T13:57:15","slug":"noxo","status":"publish","type":"post","link":"https:\/\/blogs.amarinha.gal\/ribadeando\/2010\/06\/01\/noxo\/","title":{"rendered":"Noxo"},"content":{"rendered":"<p>D\u00eda a d\u00eda v\u00e1ise facendo cami\u00f1o, faise cami\u00f1o \u00f3 andar, como dic\u00eda Machado. E d\u00eda a d\u00eda, con ilusi\u00f3n, vamos cara \u00f3 futuro. Menos mal que o ser humano (tam\u00e9n) \u00e9 as\u00ed.<br \/>\nAqu\u00ed f\u00e1lase e qu\u00e9ixase un moito da pol\u00edtica ou a sociedade local, pero non extra\u00f1a, a tenor do que ten ocorrido e ocorre noutros lugares ou a nivel xeral. Non fai falta irse \u00f3 engano de Hitler de provocar un conflito para comezar a invasi\u00f3n de Polonia ou o referirse \u00e1 sua &#8216;soluci\u00f3n final&#8217;. A\u00ed est\u00e1, dende hai cousa dunha semana, demostrado que algu\u00e9n minte no afundimento do &#8216;Cheonan&#8217; entre as d\u00faas Corea, ou o ametrallamento polo ex\u00e9rcito israel\u00ed da flotilla con axuda a Gaza, acusada de provocaci\u00f3n. E elixo cousas de f\u00f3ra, non a nivel Espa\u00f1a, sabendo que por estes lares hai de sobra exemplos, de hoxe, do s\u00e9culo pasado e dos anteriores.<br \/>\nEn t\u00f3dolos casos haber\u00e1 defensores que xustifiquen os ataques ou as mentiras; m\u00e1is a\u00ednda, que tenten dicir que os a\u00f1os atacaron \u00f3s lobos dun xeito despiadado. O que as cousas non sexan en xeral brancas ou negras, sen\u00f3n alg\u00fan gris intermedio, facilita a cerimonia da confusi\u00f3n. Confusi\u00f3n da que se tenta sacar proveito. A famosa propaganda de Goebbels non foi a \u00fanica, atop\u00e1ndose entre os pa\u00edses belixerando na s\u00faa contra casos semellantes de xustificaci\u00f3n. Ou \u00e9 que o c\u00e9lebre bombardeo de Dresde foi feito polos alem\u00e1ns? Os intereses hai moito que se apropiaron daquelo de &#8216;o fin xustifica os medios&#8217;, e se en tempos idos os medios dos poderosos resultaban redundantemente poderosos, son chegados outros nos que os medios a disposici\u00f3n dil\u00faense, f\u00e1nse lixeiros, suaves, mesmo invisibles, pero non menos poderosos.<br \/>\nLigaz\u00f3ns para apoiar o que digo? Centos de miles. Tantas que non son necesarias aqu\u00ed. E tam\u00e9n para xustificar posturas contrarias. Non tantas quiz\u00e1is, pero abondas para crear confusi\u00f3n.<\/p>\n","protected":false},"excerpt":{"rendered":"<p>D\u00eda a d\u00eda v\u00e1ise facendo cami\u00f1o, faise cami\u00f1o \u00f3 andar, como dic\u00eda Machado. E d\u00eda a d\u00eda, con ilusi\u00f3n, vamos cara \u00f3 futuro. Menos mal que o ser humano (tam\u00e9n) \u00e9 as\u00ed. Aqu\u00ed f\u00e1lase e qu\u00e9ixase un moito da pol\u00edtica ou a sociedade local, pero non extra\u00f1a, a tenor do que ten ocorrido e ocorre [&hellip;]<\/p>\n","protected":false},"author":3,"featured_media":0,"comment_status":"open","ping_status":"closed","sticky":false,"template":"","format":"standard","meta":{"activitypub_content_warning":"","activitypub_content_visibility":"","activitypub_max_image_attachments":3,"activitypub_interaction_policy_quote":"anyone","activitypub_status":"federate","footnotes":""},"categories":[1],"tags":[32,13],"class_list":["post-8339","post","type-post","status-publish","format-standard","hentry","category-sen-categoria","tag-filosofia","tag-politica"],"_links":{"self":[{"href":"https:\/\/blogs.amarinha.gal\/ribadeando\/wp-json\/wp\/v2\/posts\/8339","targetHints":{"allow":["GET"]}}],"collection":[{"href":"https:\/\/blogs.amarinha.gal\/ribadeando\/wp-json\/wp\/v2\/posts"}],"about":[{"href":"https:\/\/blogs.amarinha.gal\/ribadeando\/wp-json\/wp\/v2\/types\/post"}],"author":[{"embeddable":true,"href":"https:\/\/blogs.amarinha.gal\/ribadeando\/wp-json\/wp\/v2\/users\/3"}],"replies":[{"embeddable":true,"href":"https:\/\/blogs.amarinha.gal\/ribadeando\/wp-json\/wp\/v2\/comments?post=8339"}],"version-history":[{"count":0,"href":"https:\/\/blogs.amarinha.gal\/ribadeando\/wp-json\/wp\/v2\/posts\/8339\/revisions"}],"wp:attachment":[{"href":"https:\/\/blogs.amarinha.gal\/ribadeando\/wp-json\/wp\/v2\/media?parent=8339"}],"wp:term":[{"taxonomy":"category","embeddable":true,"href":"https:\/\/blogs.amarinha.gal\/ribadeando\/wp-json\/wp\/v2\/categories?post=8339"},{"taxonomy":"post_tag","embeddable":true,"href":"https:\/\/blogs.amarinha.gal\/ribadeando\/wp-json\/wp\/v2\/tags?post=8339"}],"curies":[{"name":"wp","href":"https:\/\/api.w.org\/{rel}","templated":true}]}}