{"id":8336,"date":"2010-06-03T07:23:00","date_gmt":"2010-06-03T05:23:00","guid":{"rendered":""},"modified":"2024-11-12T14:57:11","modified_gmt":"2024-11-12T13:57:11","slug":"o-prometido-e-debeda","status":"publish","type":"post","link":"https:\/\/blogs.amarinha.gal\/ribadeando\/2010\/06\/03\/o-prometido-e-debeda\/","title":{"rendered":"O prometido \u00e9 d\u00e9beda"},"content":{"rendered":"<p>&#8230; pero \u00e1s veces, para cobrar as d\u00e9bedas, hai que facer algo m\u00e1is que lembralas.<br \/>\nEst\u00e1 pasando coa <a href=\"http:\/\/www.ribadeo.org\/actualidade\/nova.php?id=502&amp;lg=gal\">segunda garder\u00eda de Ribadeo<\/a>. <a href=\"http:\/\/www.lavozdegalicia.es\/amarina\/2010\/06\/03\/0003_8524837.htm\">Prometida, pero agora, a\u00ednda sen esquecer, adiada<\/a>.<br \/>\nNon se sabe se tam\u00e9n co hospital da costa: neste caso, marcha adiante e atr\u00e1s se suceden, e seguen as verbas mentras os actos da conseller\u00eda non as acompa\u00f1an polo momento.<br \/>\nE non se trata sobre todo da crise (que tam\u00e9n), sen\u00f3n da xesti\u00f3n das relaci\u00f3ns. En ambos casos, a contrar\u00e9plica son verbas. No caso da garder\u00eda, do alcalde ribadense. No caso do hospital, da plataforma constitu\u00edda. E se son verbas duns contra verbas doutros, quen mant\u00e9n o poder m\u00e1is alto ter\u00e1 as verbas m\u00e1is decisivas. As\u00ed van ambos asuntos. Collamos por caso o de m\u00e1is entidade, o tema do hospital: se s\u00f3 se apuntan a metade dos alcaldes, mentras que a outra metade est\u00e1 en contra, e os empresarios fuxen de problemas, a plataforma est\u00e1 soa, e poder\u00e1 dicir misa, que por iso non vai consagrar. A\u00ednda que te\u00f1a raz\u00f3n.<br \/>\nComo exemplo de &#8216;boas pr\u00e1cticas&#8217; neste tema, a\u00ed est\u00e1 o da asociaci\u00f3n veci\u00f1al das Figueiras, Cristo del Buen Viaje, que despois de organizar un refer\u00e9ndum e de <a href=\"http:\/\/ribadeando.blogspot.com\/2010\/05\/un-caso-de-victoria-vecinal.html\">lograr un proxecto de aparcamento m\u00e1is axeitado no parque do Pelamio<\/a>, contin\u00faa na brecha co seguemento do proxecto, e remata de facer a <a href=\"http:\/\/www.lavozdegalicia.es\/amarina\/2010\/06\/03\/0003_8524512.htm\">petici\u00f3n do estudo de impacto ambiental correspondente<\/a>.<br \/>\nNo xornal de onte vin unha cita de Borges, c\u00e9lebre, pero que non sab\u00eda que era del: <a href=\"http:\/\/www.lavozdegalicia.es\/opinion\/2010\/06\/02\/0003_8522648.htm?utm_source=buscavoz&amp;utm_medium=buscavoz\">Nadie es la patria, pero todos lo somos<\/a>. Se non hai unha manifestaci\u00f3n contundente dese &#8216;todos&#8217;, ser\u00e1 o &#8216;ningu\u00e9n&#8217; quen gane na toma de decisi\u00f3ns (\u00f3 fin, est\u00e1 craro que \u00e9 a patria, e todos, para poder ter oportunidade de selo, leva o &#8216;pero&#8217; diante), sexa quen sexa o seu patrocinador.<\/p>\n","protected":false},"excerpt":{"rendered":"<p>&#8230; pero \u00e1s veces, para cobrar as d\u00e9bedas, hai que facer algo m\u00e1is que lembralas. Est\u00e1 pasando coa segunda garder\u00eda de Ribadeo. Prometida, pero agora, a\u00ednda sen esquecer, adiada. Non se sabe se tam\u00e9n co hospital da costa: neste caso, marcha adiante e atr\u00e1s se suceden, e seguen as verbas mentras os actos da conseller\u00eda [&hellip;]<\/p>\n","protected":false},"author":3,"featured_media":0,"comment_status":"open","ping_status":"closed","sticky":false,"template":"","format":"standard","meta":{"activitypub_content_warning":"","activitypub_content_visibility":"","activitypub_max_image_attachments":3,"activitypub_interaction_policy_quote":"anyone","activitypub_status":"federate","footnotes":""},"categories":[1],"tags":[13],"class_list":["post-8336","post","type-post","status-publish","format-standard","hentry","category-sen-categoria","tag-politica"],"_links":{"self":[{"href":"https:\/\/blogs.amarinha.gal\/ribadeando\/wp-json\/wp\/v2\/posts\/8336","targetHints":{"allow":["GET"]}}],"collection":[{"href":"https:\/\/blogs.amarinha.gal\/ribadeando\/wp-json\/wp\/v2\/posts"}],"about":[{"href":"https:\/\/blogs.amarinha.gal\/ribadeando\/wp-json\/wp\/v2\/types\/post"}],"author":[{"embeddable":true,"href":"https:\/\/blogs.amarinha.gal\/ribadeando\/wp-json\/wp\/v2\/users\/3"}],"replies":[{"embeddable":true,"href":"https:\/\/blogs.amarinha.gal\/ribadeando\/wp-json\/wp\/v2\/comments?post=8336"}],"version-history":[{"count":0,"href":"https:\/\/blogs.amarinha.gal\/ribadeando\/wp-json\/wp\/v2\/posts\/8336\/revisions"}],"wp:attachment":[{"href":"https:\/\/blogs.amarinha.gal\/ribadeando\/wp-json\/wp\/v2\/media?parent=8336"}],"wp:term":[{"taxonomy":"category","embeddable":true,"href":"https:\/\/blogs.amarinha.gal\/ribadeando\/wp-json\/wp\/v2\/categories?post=8336"},{"taxonomy":"post_tag","embeddable":true,"href":"https:\/\/blogs.amarinha.gal\/ribadeando\/wp-json\/wp\/v2\/tags?post=8336"}],"curies":[{"name":"wp","href":"https:\/\/api.w.org\/{rel}","templated":true}]}}