{"id":8335,"date":"2010-06-04T07:33:00","date_gmt":"2010-06-04T05:33:00","guid":{"rendered":""},"modified":"2024-11-12T14:57:09","modified_gmt":"2024-11-12T13:57:09","slug":"loitando-doutro-xeito","status":"publish","type":"post","link":"https:\/\/blogs.amarinha.gal\/ribadeando\/2010\/06\/04\/loitando-doutro-xeito\/","title":{"rendered":"Loitando doutro xeito"},"content":{"rendered":"<p><a onblur=\"try {parent.deselectBloggerImageGracefully();} catch(e) {}\" href=\"https:\/\/blogger.googleusercontent.com\/img\/b\/R29vZ2xl\/AVvXsEhDeGlqWVJvMmfvPkoYX_T1yHD_mjXNIUT9XBwVhV6SCyrvZD1eYOsrl_YT2nLM4hkphBLrvy_FLWue8QrxysO7TGYYRHmfRvqGGkSBPqBdRXjZ58L2lT_FevOxOrdgPs8Wo-_XrA\/s2048\/luva+rosa.jpeg\"><img decoding=\"async\" src=\"https:\/\/blogger.googleusercontent.com\/img\/b\/R29vZ2xl\/AVvXsEhDeGlqWVJvMmfvPkoYX_T1yHD_mjXNIUT9XBwVhV6SCyrvZD1eYOsrl_YT2nLM4hkphBLrvy_FLWue8QrxysO7TGYYRHmfRvqGGkSBPqBdRXjZ58L2lT_FevOxOrdgPs8Wo-_XrA\/s2048\/luva+rosa.jpeg\" alt=\"\" \/><\/a><br \/>\nOnte unha, e outra hoxe, d\u00faas iniciativas en Ribadeo para loitar contra afecci\u00f3ns humanas: as drogas e o cancro.<br \/>\nPresentouse a nova &#8216;<a href=\"http:\/\/www.ribadeo.org\/actualidade\/nova.php?id=504&amp;lg=gal\">komikea<\/a>&#8216;, revista pensada para actuar contra a drogadicci\u00f3n. Iso foi onte.<br \/>\nE hoxe, o festival contra o cancro, no Hern\u00e1n Naval \u00e1s 20:30, cunha entrada de 5\u20ac e a <a href=\"http:\/\/www.facebook.com\/home.php#%21\/event.php?eid=131475653530926\">proxecci\u00f3n do video gravado en Ribadeo hai varias semanas co baile da luva rosa<\/a>.<br \/>\nA loita conxunta a humanidade ac\u00e1daa con abonda facilidade nas primeiras fases, pero a medida que progresa contra os obxectivos, v\u00f3ltase m\u00e1is e m\u00e1is dificultosa, a\u00ednda que beneficie a todos. En ambos casos, iniciativas loables, cadran nesa primeira parte de colaboraci\u00f3n. Se fora posible levar ese impulso m\u00e1is al\u00f3, dende a propaganda ou a recadaci\u00f3n de cartos ata o ataque \u00e1s lacras, ir\u00eda moito mellor. Estase a tentar o facelo, e somos todos os chamados a participar e a beneficiarnos.<\/p>\n","protected":false},"excerpt":{"rendered":"<p>Onte unha, e outra hoxe, d\u00faas iniciativas en Ribadeo para loitar contra afecci\u00f3ns humanas: as drogas e o cancro. Presentouse a nova &#8216;komikea&#8216;, revista pensada para actuar contra a drogadicci\u00f3n. Iso foi onte. E hoxe, o festival contra o cancro, no Hern\u00e1n Naval \u00e1s 20:30, cunha entrada de 5\u20ac e a proxecci\u00f3n do video gravado [&hellip;]<\/p>\n","protected":false},"author":3,"featured_media":0,"comment_status":"open","ping_status":"closed","sticky":false,"template":"","format":"standard","meta":{"activitypub_content_warning":"","activitypub_content_visibility":"","activitypub_max_image_attachments":3,"activitypub_interaction_policy_quote":"anyone","activitypub_status":"federate","footnotes":""},"categories":[1],"tags":[32,9],"class_list":["post-8335","post","type-post","status-publish","format-standard","hentry","category-sen-categoria","tag-filosofia","tag-sociedade"],"_links":{"self":[{"href":"https:\/\/blogs.amarinha.gal\/ribadeando\/wp-json\/wp\/v2\/posts\/8335","targetHints":{"allow":["GET"]}}],"collection":[{"href":"https:\/\/blogs.amarinha.gal\/ribadeando\/wp-json\/wp\/v2\/posts"}],"about":[{"href":"https:\/\/blogs.amarinha.gal\/ribadeando\/wp-json\/wp\/v2\/types\/post"}],"author":[{"embeddable":true,"href":"https:\/\/blogs.amarinha.gal\/ribadeando\/wp-json\/wp\/v2\/users\/3"}],"replies":[{"embeddable":true,"href":"https:\/\/blogs.amarinha.gal\/ribadeando\/wp-json\/wp\/v2\/comments?post=8335"}],"version-history":[{"count":0,"href":"https:\/\/blogs.amarinha.gal\/ribadeando\/wp-json\/wp\/v2\/posts\/8335\/revisions"}],"wp:attachment":[{"href":"https:\/\/blogs.amarinha.gal\/ribadeando\/wp-json\/wp\/v2\/media?parent=8335"}],"wp:term":[{"taxonomy":"category","embeddable":true,"href":"https:\/\/blogs.amarinha.gal\/ribadeando\/wp-json\/wp\/v2\/categories?post=8335"},{"taxonomy":"post_tag","embeddable":true,"href":"https:\/\/blogs.amarinha.gal\/ribadeando\/wp-json\/wp\/v2\/tags?post=8335"}],"curies":[{"name":"wp","href":"https:\/\/api.w.org\/{rel}","templated":true}]}}