{"id":8334,"date":"2010-06-05T11:14:00","date_gmt":"2010-06-05T09:14:00","guid":{"rendered":""},"modified":"2024-11-12T14:57:08","modified_gmt":"2024-11-12T13:57:08","slug":"alternativa-politica","status":"publish","type":"post","link":"https:\/\/blogs.amarinha.gal\/ribadeando\/2010\/06\/05\/alternativa-politica\/","title":{"rendered":"Alternativa pol\u00edtica"},"content":{"rendered":"<p>Temos en Foz un elemento que considero novidoso de posibilidade de alternativa pol\u00edtica e que poidera ser adaitado por outros lugares. Tr\u00e1tase da &#8216;alternativa Cancio&#8217;, destitu\u00eddo polo alcalde hai xa abondos meses e que non \u00e9 que este\u00f1a presentando batalla, sen\u00f3n que est\u00e1 constru\u00edndo o seu propio futuro a base de traballo de diverso tipo.<br \/>\nNon te\u00f1o idea de se as raz\u00f3ns que levaron \u00e1 s\u00faa destituci\u00f3n de t\u00f3dolos cargos no concello eran fundadas ou non; o que me chama a atenci\u00f3n \u00e9 que, a partado xa do partido \u00f3 que pertenc\u00eda (e coido pertence, o PSOE) dun xeito oficioso, segue no candeleiro das novas con tanto espazo como o alcalde foce\u00f1o, a base de diversas iniciativas mant\u00e9ndose ben relacionado co seu eleitorado, sen dar lugar a que o podan esquecer ou pensar algo as\u00ed como &#8216;cando volte a levantar cabeza&#8230;&#8217;, porque s\u00e9guea a ter levantada.<br \/>\nNon sei tampouco se a sa\u00edda de Cancio en Foz pasa por unha lista independente ou por desbancar da cabeza de lista \u00f3 actual alcalde. Coido que m\u00e1is ben a primeira, \u00f3 ter logrado apartalo dos cargos foce\u00f1os, pero o mantemento da participaci\u00f3n cidad\u00e1 no seu entorno ben poidera dar unha sorpresa \u00f3 final. En todo caso, de seguir as\u00ed ata as alecci\u00f3ns, parece que estariamos claramente ante unha divisi\u00f3n do PSOE que lle quitar\u00eda da orde a metade do seu espazo eleitoral, e polo tanto, un goberno desta formaci\u00f3n pasar\u00eda de novo por Cancio, en caso de que a divisi\u00f3n non perxudicara demasiado o n\u00famero total de cadeiras obtidas polo conxunto.<br \/>\nEn Ribadeo tivemos, temos, un caso de independentes no concello, UPRi, pero o caso ant\u00f3xaseme ben diferenciado, xa que a presencia nos medios foi m\u00e1is escasa e durou m\u00e1is tempo, o que se notou na proporci\u00f3n de votos final obtida polo PP, partido &#8216;matriz&#8217; e UPRi, partido &#8216;segregado&#8217;. A\u00ednda as\u00ed, os dous escanos obtidos por UPRi evitaron que o PP f\u00f3ra o partido ma\u00eds votado en Ribado, quit\u00e1ndolle con toda probabilidade a alcald\u00eda (<a href=\"http:\/\/ribadeando.blogspot.com\/2007\/05\/mis-sobre-eleccins-municipais-en.html\">a\u00ednda que non ter\u00eda conseguido o s\u00e9timo representante de sumar votos PP+UPRi<\/a>, e haber\u00eda que xogar cos votos ganados pola falta de divisi\u00f3n do partido e perdidos precisamente por isa divisi\u00f3n). O que pasar\u00e1 dentro dun ano, a\u00ednda est\u00e1 por ver, e m\u00e1is cando luns hai un pleno no que parece que o PP apoiar\u00e1 a <a href=\"http:\/\/ribadeando.blogspot.com\/2010\/05\/pleno-de-20100510.html\">contrataci\u00f3n da empresa Aquagest<\/a> para as obras da traves\u00eda, o que entendo dificulta m\u00e1is a <a href=\"http:\/\/ribadeando.blogspot.com\/2010\/05\/ribadeo-ribadeo.html\">moci\u00f3n de censura<\/a>.<\/p>\n","protected":false},"excerpt":{"rendered":"<p>Temos en Foz un elemento que considero novidoso de posibilidade de alternativa pol\u00edtica e que poidera ser adaitado por outros lugares. Tr\u00e1tase da &#8216;alternativa Cancio&#8217;, destitu\u00eddo polo alcalde hai xa abondos meses e que non \u00e9 que este\u00f1a presentando batalla, sen\u00f3n que est\u00e1 constru\u00edndo o seu propio futuro a base de traballo de diverso tipo. [&hellip;]<\/p>\n","protected":false},"author":3,"featured_media":0,"comment_status":"open","ping_status":"closed","sticky":false,"template":"","format":"standard","meta":{"activitypub_content_warning":"","activitypub_content_visibility":"","activitypub_max_image_attachments":3,"activitypub_interaction_policy_quote":"anyone","activitypub_status":"federate","footnotes":""},"categories":[1],"tags":[13],"class_list":["post-8334","post","type-post","status-publish","format-standard","hentry","category-sen-categoria","tag-politica"],"_links":{"self":[{"href":"https:\/\/blogs.amarinha.gal\/ribadeando\/wp-json\/wp\/v2\/posts\/8334","targetHints":{"allow":["GET"]}}],"collection":[{"href":"https:\/\/blogs.amarinha.gal\/ribadeando\/wp-json\/wp\/v2\/posts"}],"about":[{"href":"https:\/\/blogs.amarinha.gal\/ribadeando\/wp-json\/wp\/v2\/types\/post"}],"author":[{"embeddable":true,"href":"https:\/\/blogs.amarinha.gal\/ribadeando\/wp-json\/wp\/v2\/users\/3"}],"replies":[{"embeddable":true,"href":"https:\/\/blogs.amarinha.gal\/ribadeando\/wp-json\/wp\/v2\/comments?post=8334"}],"version-history":[{"count":0,"href":"https:\/\/blogs.amarinha.gal\/ribadeando\/wp-json\/wp\/v2\/posts\/8334\/revisions"}],"wp:attachment":[{"href":"https:\/\/blogs.amarinha.gal\/ribadeando\/wp-json\/wp\/v2\/media?parent=8334"}],"wp:term":[{"taxonomy":"category","embeddable":true,"href":"https:\/\/blogs.amarinha.gal\/ribadeando\/wp-json\/wp\/v2\/categories?post=8334"},{"taxonomy":"post_tag","embeddable":true,"href":"https:\/\/blogs.amarinha.gal\/ribadeando\/wp-json\/wp\/v2\/tags?post=8334"}],"curies":[{"name":"wp","href":"https:\/\/api.w.org\/{rel}","templated":true}]}}