{"id":8333,"date":"2010-06-07T07:32:00","date_gmt":"2010-06-07T05:32:00","guid":{"rendered":""},"modified":"2024-11-12T14:57:07","modified_gmt":"2024-11-12T13:57:07","slug":"hoxe-hai-pleno-e-aquagest-sera-elixida","status":"publish","type":"post","link":"https:\/\/blogs.amarinha.gal\/ribadeando\/2010\/06\/07\/hoxe-hai-pleno-e-aquagest-sera-elixida\/","title":{"rendered":"Hoxe hai pleno, e Aquagest ser\u00e1 a elixida"},"content":{"rendered":"<p>Hoxe hai <a href=\"http:\/\/ribadeando.blogspot.com\/2010\/06\/alternativa-politica.html\">pleno extraordinario, para conceder a Aquagest a obra da traves\u00eda<\/a>.<br \/>\nE a moci\u00f3n de censura? Atopei unha peza gustosa en relaci\u00f3n \u00e1s moci\u00f3ns de censura e de confianza a nivel estatal, &#8216;<a href=\"http:\/\/blogs.publico.es\/lopezalba\/2010\/06\/06\/las-tres-en-raya\/\">Las tres en raya<\/a>&#8216;. A cousa est\u00e1 no sexto par\u00e1grafo, e a\u00ednda que o parecido entre a pol\u00edtica estatal e local de ribadeo nestes momentos tende a nada, o que \u00e9 mecanismo pol\u00edtico en si ten a mesma filosof\u00eda de fondo..<\/p>\n","protected":false},"excerpt":{"rendered":"<p>Hoxe hai pleno extraordinario, para conceder a Aquagest a obra da traves\u00eda. E a moci\u00f3n de censura? Atopei unha peza gustosa en relaci\u00f3n \u00e1s moci\u00f3ns de censura e de confianza a nivel estatal, &#8216;Las tres en raya&#8216;. A cousa est\u00e1 no sexto par\u00e1grafo, e a\u00ednda que o parecido entre a pol\u00edtica estatal e local de [&hellip;]<\/p>\n","protected":false},"author":3,"featured_media":0,"comment_status":"open","ping_status":"closed","sticky":false,"template":"","format":"standard","meta":{"activitypub_content_warning":"","activitypub_content_visibility":"","activitypub_max_image_attachments":3,"activitypub_interaction_policy_quote":"anyone","activitypub_status":"federate","footnotes":""},"categories":[1],"tags":[13],"class_list":["post-8333","post","type-post","status-publish","format-standard","hentry","category-sen-categoria","tag-politica"],"_links":{"self":[{"href":"https:\/\/blogs.amarinha.gal\/ribadeando\/wp-json\/wp\/v2\/posts\/8333","targetHints":{"allow":["GET"]}}],"collection":[{"href":"https:\/\/blogs.amarinha.gal\/ribadeando\/wp-json\/wp\/v2\/posts"}],"about":[{"href":"https:\/\/blogs.amarinha.gal\/ribadeando\/wp-json\/wp\/v2\/types\/post"}],"author":[{"embeddable":true,"href":"https:\/\/blogs.amarinha.gal\/ribadeando\/wp-json\/wp\/v2\/users\/3"}],"replies":[{"embeddable":true,"href":"https:\/\/blogs.amarinha.gal\/ribadeando\/wp-json\/wp\/v2\/comments?post=8333"}],"version-history":[{"count":0,"href":"https:\/\/blogs.amarinha.gal\/ribadeando\/wp-json\/wp\/v2\/posts\/8333\/revisions"}],"wp:attachment":[{"href":"https:\/\/blogs.amarinha.gal\/ribadeando\/wp-json\/wp\/v2\/media?parent=8333"}],"wp:term":[{"taxonomy":"category","embeddable":true,"href":"https:\/\/blogs.amarinha.gal\/ribadeando\/wp-json\/wp\/v2\/categories?post=8333"},{"taxonomy":"post_tag","embeddable":true,"href":"https:\/\/blogs.amarinha.gal\/ribadeando\/wp-json\/wp\/v2\/tags?post=8333"}],"curies":[{"name":"wp","href":"https:\/\/api.w.org\/{rel}","templated":true}]}}