{"id":8331,"date":"2010-06-09T07:42:00","date_gmt":"2010-06-09T05:42:00","guid":{"rendered":""},"modified":"2024-11-12T14:57:04","modified_gmt":"2024-11-12T13:57:04","slug":"os-vandalos-unha-familia-dos-godos","status":"publish","type":"post","link":"https:\/\/blogs.amarinha.gal\/ribadeando\/2010\/06\/09\/os-vandalos-unha-familia-dos-godos\/","title":{"rendered":"Os v\u00e1ndalos, unha familia dos godos"},"content":{"rendered":"<p>En tempos estud\u00e1base aquelo de V\u00e1ndalos, Alanos, Visigodos, &#8230; e a\u00ednda que o nome quedou ben diferenciado en significado para os v\u00e1ndalos, hab\u00eda un sentemento de que eran todos familia, todos grupos dunha certa comunidade xeral.<br \/>\nOnte apareceu en diversos medios a denuncia por parte do concello do vandalismo nas xardineiras da praza de abaixo e sobre todo no mu\u00ed\u00f1o de <a onblur=\"try {parent.deselectBloggerImageGracefully();} catch(e) {}\" href=\"https:\/\/blogger.googleusercontent.com\/img\/b\/R29vZ2xl\/AVvXsEjJkM7_zH_YZ9fx2_AVD6TVw-KrWSfyrhmCE0BMlUvMUFXbWboQ5YQcu8ru1X_E5D4tqyj3kiUMYOz-erFggh6GpCh0xOP5MYLpb56uWK2CGTowTqO4uAB3k3rDqvdkUYDziwgLVQ\/s2048\/Mui%C3%B1o+da+Ignacia.jpg\"><img decoding=\"async\" src=\"https:\/\/blogger.googleusercontent.com\/img\/b\/R29vZ2xl\/AVvXsEjJkM7_zH_YZ9fx2_AVD6TVw-KrWSfyrhmCE0BMlUvMUFXbWboQ5YQcu8ru1X_E5D4tqyj3kiUMYOz-erFggh6GpCh0xOP5MYLpb56uWK2CGTowTqO4uAB3k3rDqvdkUYDziwgLVQ\/s2048\/Mui%C3%B1o+da+Ignacia.jpg\" alt=\"\" \/><\/a>Ignacia.<br \/>\nNo primeiro caso, se se toman as <a href=\"http:\/\/www.lavozdegalicia.es\/amarina\/2010\/06\/08\/0003_8535110.htm\">declaraci\u00f3ns que aparecen na Voz<\/a> sobre as frores, &#8220;non duraban nin un d\u00eda, porque as roubaban. Para ter xardineiras sen flores, decidimos quitalas&#8221;, ocorre igual que noutros moitos casos (v\u00e9xase as tiras elevadas no paseo mar\u00edtimo para evitar carreiras), que por algu\u00e9n que anda a fastidiar, a parte de pagar o fastidio, a xeralidade da xente sofre o non dispo\u00f1er das cousas.<br \/>\nEn canto \u00f3 mu\u00ed\u00f1o de Ignacia, o facer unha fogueira na porta, a parte dos destrozos internos, sup\u00f3n unha merma maior na integridade de algo p\u00fablico. Quiz\u00e1is deba citarse, non a modo de atenuante nin de disculpante, sen\u00f3n como mera aclaraci\u00f3n, que o estar restaurado pero non utilizado, incrementa as posibilidades de actuaci\u00f3n vand\u00e1lica, pero a\u00ed entramos noutro tema: os recursos para facer cousas e os adicados a mantelas, a dificultade para conseguir uns e outros, o rendemento relativo dos mesmos, o rendemento medi\u00e1tico, etc.<br \/>\nEn canto \u00e1 comunidade dos v\u00e1ndalos, non se debe esquecer que se ben cada acto ten o\/a\/os\/as seus responsables, a repetici\u00f3n de actividades semellantes implica un xerme, que vai pasando dun a outro lugar, dunha a outra actuaci\u00f3n, e incrementando adeptos e posibilidades pouco a pouco.  A saber se o do mu\u00ed\u00f1o ten relaci\u00f3n por exemplo co <a href=\"http:\/\/ribadeando.blogspot.com\/2009\/04\/vandalos.html\">contedor queimado hai non moito no centro de Ribadeo<\/a> e que puido producir moi ben un incendio dun edificio enteiro. Pero \u00e9 m\u00e1is probable que te\u00f1a relaci\u00f3n con outros moitos actos vand\u00e1licos a menor escala, do estilo dos mexos f\u00f3ra de lugar, na r\u00faa, ou ru\u00eddos f\u00f3ra de hora, pintadas nas paredes (primeiro, nas abandoadas, e logo, nas que non o est\u00e1n), etc, xerme dun vandalismo que pouco a pouco vai medrando \u00f3 estilo de &#8216;a r\u00faa \u00e9 mi\u00f1a\/nosa&#8217; e sobre todo, a modo de corolario, &#8216;faigo o que me peta&#8217;, e que contin\u00faa, de non po\u00f1\u00e9rselle coto. As\u00ed pois, os v\u00e1ndalos ser\u00edan unha familia dos godos. E \u00e9 previndo o que os godos podan facer como mellor se pode previr \u00f3s v\u00e1ndalos.<br \/>\nNa foto do sigpac, a zona de bosque onde se topa o mu\u00ed\u00f1o da Ignacia, en Ove (o mu\u00ed\u00f1o estar\u00eda aproximadamente onde a cruz, a 1\/3 da beira esquerda).<\/p>\n","protected":false},"excerpt":{"rendered":"<p>En tempos estud\u00e1base aquelo de V\u00e1ndalos, Alanos, Visigodos, &#8230; e a\u00ednda que o nome quedou ben diferenciado en significado para os v\u00e1ndalos, hab\u00eda un sentemento de que eran todos familia, todos grupos dunha certa comunidade xeral. Onte apareceu en diversos medios a denuncia por parte do concello do vandalismo nas xardineiras da praza de abaixo [&hellip;]<\/p>\n","protected":false},"author":3,"featured_media":0,"comment_status":"open","ping_status":"closed","sticky":false,"template":"","format":"standard","meta":{"activitypub_content_warning":"","activitypub_content_visibility":"","activitypub_max_image_attachments":3,"activitypub_interaction_policy_quote":"anyone","activitypub_status":"federate","footnotes":""},"categories":[1],"tags":[9],"class_list":["post-8331","post","type-post","status-publish","format-standard","hentry","category-sen-categoria","tag-sociedade"],"_links":{"self":[{"href":"https:\/\/blogs.amarinha.gal\/ribadeando\/wp-json\/wp\/v2\/posts\/8331","targetHints":{"allow":["GET"]}}],"collection":[{"href":"https:\/\/blogs.amarinha.gal\/ribadeando\/wp-json\/wp\/v2\/posts"}],"about":[{"href":"https:\/\/blogs.amarinha.gal\/ribadeando\/wp-json\/wp\/v2\/types\/post"}],"author":[{"embeddable":true,"href":"https:\/\/blogs.amarinha.gal\/ribadeando\/wp-json\/wp\/v2\/users\/3"}],"replies":[{"embeddable":true,"href":"https:\/\/blogs.amarinha.gal\/ribadeando\/wp-json\/wp\/v2\/comments?post=8331"}],"version-history":[{"count":0,"href":"https:\/\/blogs.amarinha.gal\/ribadeando\/wp-json\/wp\/v2\/posts\/8331\/revisions"}],"wp:attachment":[{"href":"https:\/\/blogs.amarinha.gal\/ribadeando\/wp-json\/wp\/v2\/media?parent=8331"}],"wp:term":[{"taxonomy":"category","embeddable":true,"href":"https:\/\/blogs.amarinha.gal\/ribadeando\/wp-json\/wp\/v2\/categories?post=8331"},{"taxonomy":"post_tag","embeddable":true,"href":"https:\/\/blogs.amarinha.gal\/ribadeando\/wp-json\/wp\/v2\/tags?post=8331"}],"curies":[{"name":"wp","href":"https:\/\/api.w.org\/{rel}","templated":true}]}}