{"id":8318,"date":"2010-06-23T07:18:00","date_gmt":"2010-06-23T05:18:00","guid":{"rendered":""},"modified":"2024-11-12T14:56:38","modified_gmt":"2024-11-12T13:56:38","slug":"para-dicir-non-o-ambulatorio-de-burela","status":"publish","type":"post","link":"https:\/\/blogs.amarinha.gal\/ribadeando\/2010\/06\/23\/para-dicir-non-o-ambulatorio-de-burela\/","title":{"rendered":"Para dicir non \u00f3 ambulatorio de Burela"},"content":{"rendered":"<p>Xa levan varios d\u00edas por Ribadeo os carteis correspondentes \u00e1 manifestaci\u00f3n a favor do hospital da Costa. Reproduzo a convocatoria que me chegou da plataforma de Defensa da Sanidade P\u00fablica na Mari\u00f1a, na que est\u00e1 integrada a AVV O Tes\u00f3n, e para a que sair\u00e1n autobuses dende Ribadeo (para elo, contactar co 982129161):<\/p>\n<p>MANIFESTACI\u00d3N 26 DE XU\u00d1O \u00c1S 12 DA MA\u00d1\u00c1<\/p>\n<p>SALVEMOS O HOSPITAL DA COSTA<\/p>\n<p>DEFENDAMOS A SANIDADE P\u00daBLICA NA MARI\u00d1A<\/p>\n<p>A Plataforma en Defensa da Sanidade P\u00fablica na Mari\u00f1a convoca unha manifestaci\u00f3n o vindeiro s\u00e1bado 26 de xu\u00f1o \u00e1s 12 da ma\u00f1\u00e1 con sa\u00edda do Hospital da costa e remate na Praza da Mari\u00f1a en Burela.<\/p>\n<p>Pregamos encarecidamente a presenza dos veci\u00f1os da Mari\u00f1a, as\u00ed como o voso compromiso en convidar amigos e veci\u00f1os para que participen na mesma.<\/p>\n<p>Neste sentido queremos lembrarche que o que nos estamos xogando \u00e9 que o Hospital da Costa siga a manter os servizos que hoxe ten ou a maior\u00eda deles se trasladen ao novo hospital de Lugo, o que significar\u00eda un retroceso m\u00e1is de 25 anos na calidade asistencial dos mari\u00f1\u00e1ns.<\/p>\n<p>Na mesma manifestaci\u00f3n imos esixir da Xunta de Galiza que cumpra os seus compromisos coa Atenci\u00f3n Primaria e que se remate co estado de abandono na que est\u00e1 asumido a mesma o que a coloca \u00e1s portas do colapso.<\/p>\n<p> Sen outro particular unha aperta<\/p>\n","protected":false},"excerpt":{"rendered":"<p>Xa levan varios d\u00edas por Ribadeo os carteis correspondentes \u00e1 manifestaci\u00f3n a favor do hospital da Costa. Reproduzo a convocatoria que me chegou da plataforma de Defensa da Sanidade P\u00fablica na Mari\u00f1a, na que est\u00e1 integrada a AVV O Tes\u00f3n, e para a que sair\u00e1n autobuses dende Ribadeo (para elo, contactar co 982129161): MANIFESTACI\u00d3N 26 [&hellip;]<\/p>\n","protected":false},"author":3,"featured_media":0,"comment_status":"open","ping_status":"closed","sticky":false,"template":"","format":"standard","meta":{"activitypub_content_warning":"","activitypub_content_visibility":"","activitypub_max_image_attachments":3,"activitypub_interaction_policy_quote":"anyone","activitypub_status":"federated","footnotes":""},"categories":[1],"tags":[9],"class_list":["post-8318","post","type-post","status-publish","format-standard","hentry","category-sen-categoria","tag-sociedade"],"_links":{"self":[{"href":"https:\/\/blogs.amarinha.gal\/ribadeando\/wp-json\/wp\/v2\/posts\/8318","targetHints":{"allow":["GET"]}}],"collection":[{"href":"https:\/\/blogs.amarinha.gal\/ribadeando\/wp-json\/wp\/v2\/posts"}],"about":[{"href":"https:\/\/blogs.amarinha.gal\/ribadeando\/wp-json\/wp\/v2\/types\/post"}],"author":[{"embeddable":true,"href":"https:\/\/blogs.amarinha.gal\/ribadeando\/wp-json\/wp\/v2\/users\/3"}],"replies":[{"embeddable":true,"href":"https:\/\/blogs.amarinha.gal\/ribadeando\/wp-json\/wp\/v2\/comments?post=8318"}],"version-history":[{"count":0,"href":"https:\/\/blogs.amarinha.gal\/ribadeando\/wp-json\/wp\/v2\/posts\/8318\/revisions"}],"wp:attachment":[{"href":"https:\/\/blogs.amarinha.gal\/ribadeando\/wp-json\/wp\/v2\/media?parent=8318"}],"wp:term":[{"taxonomy":"category","embeddable":true,"href":"https:\/\/blogs.amarinha.gal\/ribadeando\/wp-json\/wp\/v2\/categories?post=8318"},{"taxonomy":"post_tag","embeddable":true,"href":"https:\/\/blogs.amarinha.gal\/ribadeando\/wp-json\/wp\/v2\/tags?post=8318"}],"curies":[{"name":"wp","href":"https:\/\/api.w.org\/{rel}","templated":true}]}}