{"id":8312,"date":"2010-06-29T06:50:00","date_gmt":"2010-06-29T04:50:00","guid":{"rendered":""},"modified":"2024-11-12T14:56:29","modified_gmt":"2024-11-12T13:56:29","slug":"duas-actividades-proximas","status":"publish","type":"post","link":"https:\/\/blogs.amarinha.gal\/ribadeando\/2010\/06\/29\/duas-actividades-proximas\/","title":{"rendered":"D\u00faas actividades pr\u00f3ximas"},"content":{"rendered":"<p><a onblur=\"try {parent.deselectBloggerImageGracefully();} catch(e) {}\" href=\"https:\/\/blogger.googleusercontent.com\/img\/b\/R29vZ2xl\/AVvXsEgB0B3b9bBpXR_axzJi4CuYBY0_96Pu9dOorG5Fn6K6VOmnT8TRezFTWB8Fpl9Uw-SsnxtZt28ej59MuLn-2SGITrB9Sjmo6gx5CbXO5pepb1ngNoCwVG27WqFJ9FwBELUgkUIvEg\/s2048\/congreso+Trelles+b_p.jpg\"><img decoding=\"async\" src=\"https:\/\/blogger.googleusercontent.com\/img\/b\/R29vZ2xl\/AVvXsEgB0B3b9bBpXR_axzJi4CuYBY0_96Pu9dOorG5Fn6K6VOmnT8TRezFTWB8Fpl9Uw-SsnxtZt28ej59MuLn-2SGITrB9Sjmo6gx5CbXO5pepb1ngNoCwVG27WqFJ9FwBELUgkUIvEg\/s2048\/congreso+Trelles+b_p.jpg\" alt=\"\" \/><\/a><br \/>\n<a onblur=\"try {parent.deselectBloggerImageGracefully();} catch(e) {}\" href=\"https:\/\/blogger.googleusercontent.com\/img\/b\/R29vZ2xl\/AVvXsEhG-Z8f_IvvdYUJIbFcgsxKJ0oxYqUohJSVQ8tWEDYJIQJ8acnL_wHoASca-wURX3NREYxYkqwhyphenhyphen0nbxDgQ3cX02hmlNsB1q-k_cmYZz09wZqOHgi8aUfrYhiquH2R5V0CkkW_JoA\/s2048\/congreso+Trelles+a_p.jpg\"><img decoding=\"async\" src=\"https:\/\/blogger.googleusercontent.com\/img\/b\/R29vZ2xl\/AVvXsEhG-Z8f_IvvdYUJIbFcgsxKJ0oxYqUohJSVQ8tWEDYJIQJ8acnL_wHoASca-wURX3NREYxYkqwhyphenhyphen0nbxDgQ3cX02hmlNsB1q-k_cmYZz09wZqOHgi8aUfrYhiquH2R5V0CkkW_JoA\/s2048\/congreso+Trelles+a_p.jpg\" alt=\"\" \/><\/a><br \/>\na) Ma\u00f1\u00e1 dara comezo o <a href=\"http:\/\/cursotrellesribadeo.blogspot.com\/\">XXI curso de ver\u00e1n da Fundaci\u00f3n Trelles<\/a>. Est\u00e1 prevista unha incidencia en Ribadeo dunhas 200 persoas ata o domingo. Deixo o listado e horario de actividades e o d\u00edptico definitivo ampliable, a falta -din- dunha sorpresa.<\/p>\n<p>Mi\u00e9rcoles, 30.VI.10<\/p>\n<p>Llegada a Ribadeo en el transcurso de la tarde<\/p>\n<p><strong>21.0<\/strong><strong>0:<\/strong> Eucarist\u00eda de bienvenida, Iglesia parroquial de Santa Mar\u00eda del campo<\/p>\n<p>Jueves, 1.VII.10<\/p>\n<p><strong>09.30:<\/strong> Laudes, Iglesia parroquial de Santa Mar\u00eda del Campo<\/p>\n<p><span class=\"Apple-tab-span\" style=\"white-space: pre;\"> <strong>10.00<\/strong>: Inauguraci\u00f3n del curso (Excmo. Sr. D. Jos\u00e9 Ram\u00f3n Gomez Besteiro, presidente de la <\/span><span class=\"Apple-style-span\" style=\"white-space: pre;\">diputaci\u00f3n provincial de Lugo)<\/span><\/p>\n<p><strong> 10.30:  <\/strong>Presentaci\u00f3n del curso por el director (D. Manuel Ab\u00f3n-Brasol \u00c1lvarez-Tamargo).<\/p>\n<p>Conferencia, <em>La virtud de la Cortes\u00eda en el pensamiento de Luis de Trelles<\/em> (D\u00f1a. Milagros               Otero Parga). Coloquio<\/p>\n<p><strong>13.15:<\/strong> Visita a la playa de As Catedrais<\/p>\n<p><strong>18.00:<\/strong> Visita al monte de Sta. Cruz y a la capilla de Nosa Se\u00f1ora das Virtudes<\/p>\n<p>Eucarist\u00eda presidida por Excmo y Rvdmo Sr. D. Manuel S\u00e1nchez Monge, obispo de Mondo\u00f1edo-Ferrol<\/p>\n<p><strong>20.00:<\/strong> Recepci\u00f3n por parte del Concello de Ribadeo<\/p>\n<p>Viernes, 2.VII.10<\/p>\n<p><strong>10.00:<\/strong> Eucarist\u00eda en la capilla de la OFS (Capilla de la tercera orden)<\/p>\n<p><strong>11.00:<\/strong> Conferencia, <em>Hoy con el esp\u00edritu de Luis de Trelles en la adoraci\u00f3n Eucarist\u00edca<\/em> (D. Santiago Arellano Hern\u00e1ndez). Coloquio<\/p>\n<p><span class=\"Apple-style-span\" style=\"white-space: pre;\"><strong>15.30:  <\/strong>Visita tur\u00edstica a Viveiro. <\/span>Mesa redonda, <em>Don Luis de Trelles y su pueblo<\/em> (D. Francisco Puy Mu\u00f1oz &#8211; Presidente -; D. Antonio Troncoso de Castro, D. Carlos Nuevo Cal, D. Francisco Javier Mart\u00ednez Prieto)<\/p>\n<p>S\u00e1bado, 3.VII.10<\/p>\n<p><strong>10.00:<\/strong> Eucarist\u00eda, Iglesia conventual de las RRMM Clarisas<\/p>\n<p><strong>11.00:<\/strong> Conferencia, <em>Luis de Trelles y la realeza social de Cristo<\/em>  (D. Manuel Abol-Bras\u00f3n \u00c1lvarez-Tamargo). Coloquio<\/p>\n<p><strong>15.30:<\/strong> Visita tur\u00edstica a Ribadeo.<\/p>\n<p><strong>22.00:<\/strong>Concierto de m\u00fasica popular, Coral polif\u00f3nica de Ribadeo<\/p>\n<p>Domingo, 4.VII.10 (Peregrinaci\u00f3n a Santiago de Compostela)<\/p>\n<p><strong>09.00:<\/strong> Salida hacia Santiago de Compostela<\/p>\n<p><strong>12.00:<\/strong> Misa del peregrino, SIBC de Compostela<\/p>\n<p><strong>14.30:<\/strong> Comida de despedida. Clausura del XXI curso de verano de la Fundaci\u00f3n Luis de Trelles<\/p>\n<p>b) remate da exposici\u00f3n<\/p>\n<h3 class=\"tit_noticia_grande\" align=\"center\"><span style=\"font-family:Palatino Linotype;font-size:180%;color:#800080;\"><em>&#8216;<a href=\"http:\/\/sgi.xunta.es\/elasensinan.html\">Elas ensinan<\/a>&#8216; <\/em><\/span><\/h3>\n<h3 class=\"tit_noticia_grande\" align=\"center\"><span style=\"font-family:Palatino Linotype;color:#800080;\"><em>Exposici\u00f3n na Oficina de Turismo. Unha homenaxe \u00e1s mestras  galegas<\/em><\/span><\/h3>\n<p class=\"tit_noticia_grande\"><span style=\"font-family:Palatino Linotype;\">Esta mostra recolle  as historias de vida de <span style=\"color:#800080;\"><strong>dezaoito mestras  galegas<\/strong><\/span> que compartiron o interese pola educaci\u00f3n das xeraci\u00f3ns  m\u00e1is novas, \u00e1s que serviron de modelo profesional e vital. Pero a mostra tam\u00e9n  apela \u00e1s lembranzas, aos sentimentos desa etapa na que se forxa a personalidade,  na que se aprende todo o que as mestras nos transmiten, ciencias, letras,  m\u00fasica, arte&#8230; na procura dunha formaci\u00f3n humanista e integral.<\/span><\/p>\n<p class=\"tit_noticia_grande\"><span style=\"font-family:Palatino Linotype;\">Unha homenaxe \u00e1s  educadoras e pedagogas que lle impuxeron as condici\u00f3ns sociais, econ\u00f3micas,  xeogr\u00e1ficas e hist\u00f3ricas de Galicia entre finais do XIX e o XX. Unha etapa que  reflicte a longa dedicaci\u00f3n hist\u00f3rica das mulleres ao campo do ensino,  especialmente no eido das primeiras letras, o ensino infantil e o primario, para  paulatinamente irse achegando aos demais niveis educativos ata acadar a  situaci\u00f3n de feminizaci\u00f3n docente que se est\u00e1 a vivir na actualidade. <span style=\"color:#800080;\"><strong>Mulleres innovadoras e decididas<\/strong><\/span>, sempre  na procura de novos m\u00e9todos pedag\u00f3xicos para mellorar a educaci\u00f3n do seu  alumnado por dif\u00edcil que fose a situaci\u00f3n e as caracter\u00edsticas particulares de  cada grupo, proporcionando a cerna para unha participaci\u00f3n feminina m\u00e1is ampla  na educaci\u00f3n superior e no mercado laboral. <span style=\"color:#800080;\"><strong>Un panel  transformador da sociedade, a trav\u00e9s da transmisi\u00f3n do co\u00f1ecemento e da profunda  pegada do seu traballo en todos e todas n\u00f3s.<\/strong><\/span><\/span><\/p>\n<p class=\"tit_noticia_grande\"><span style=\"font-family:Palatino Linotype;\">Esta exposici\u00f3n  cedida pola Secretaria Xeral de Igualdade, estar\u00e1 na <strong><span style=\"color:#800080;\">Oficina de Turismo<\/span> <\/strong>do Concello de Ribadeo desde o  martes <strong><span style=\"color:#800080;\">15 de xu\u00f1o at\u00e9 o 30 de  xu\u00f1o.<\/span><\/strong><\/span><\/p>\n<p class=\"tit_noticia_grande\"><span style=\"font-family:Palatino Linotype;\">Os <strong><span style=\"color:#800080;\">horarios<\/span> <\/strong>para poder visitar a expos\u00edci\u00f3n son os  seguintes:<\/span><\/p>\n<p class=\"tit_noticia_grande\"><span style=\"font-family:Palatino Linotype;\">&#8211; Luns a  Venres:  Ma\u00f1\u00e1s: 09:30h -14:00h.<\/span><\/p>\n<p class=\"tit_noticia_grande\"><span style=\"font-family:Palatino Linotype;\">                              Tardes : 16:00h- 19:00h.<\/span><\/p>\n<p class=\"tit_noticia_grande\"><span style=\"font-family:Palatino Linotype;\">-S\u00e1bados e Domingos  :  Ma\u00f1\u00e1s : 10:30h- 14:00h. <\/span><\/p>\n<p class=\"tit_noticia_grande\"><span style=\"font-family:Palatino Linotype;\">                                          Tardes: 17:00h- 19:00.<\/p>\n<p>e, a longo prazo, <a href=\"http:\/\/www.musikeoribadeo.com\/\">Musikeo 2010<\/a>,<\/span><\/p>\n","protected":false},"excerpt":{"rendered":"<p>a) Ma\u00f1\u00e1 dara comezo o XXI curso de ver\u00e1n da Fundaci\u00f3n Trelles. Est\u00e1 prevista unha incidencia en Ribadeo dunhas 200 persoas ata o domingo. Deixo o listado e horario de actividades e o d\u00edptico definitivo ampliable, a falta -din- dunha sorpresa. Mi\u00e9rcoles, 30.VI.10 Llegada a Ribadeo en el transcurso de la tarde 21.00: Eucarist\u00eda de [&hellip;]<\/p>\n","protected":false},"author":3,"featured_media":0,"comment_status":"open","ping_status":"closed","sticky":false,"template":"","format":"standard","meta":{"activitypub_content_warning":"","activitypub_content_visibility":"","activitypub_max_image_attachments":3,"activitypub_interaction_policy_quote":"anyone","activitypub_status":"federated","footnotes":""},"categories":[1],"tags":[10,9],"class_list":["post-8312","post","type-post","status-publish","format-standard","hentry","category-sen-categoria","tag-cultura","tag-sociedade"],"_links":{"self":[{"href":"https:\/\/blogs.amarinha.gal\/ribadeando\/wp-json\/wp\/v2\/posts\/8312","targetHints":{"allow":["GET"]}}],"collection":[{"href":"https:\/\/blogs.amarinha.gal\/ribadeando\/wp-json\/wp\/v2\/posts"}],"about":[{"href":"https:\/\/blogs.amarinha.gal\/ribadeando\/wp-json\/wp\/v2\/types\/post"}],"author":[{"embeddable":true,"href":"https:\/\/blogs.amarinha.gal\/ribadeando\/wp-json\/wp\/v2\/users\/3"}],"replies":[{"embeddable":true,"href":"https:\/\/blogs.amarinha.gal\/ribadeando\/wp-json\/wp\/v2\/comments?post=8312"}],"version-history":[{"count":0,"href":"https:\/\/blogs.amarinha.gal\/ribadeando\/wp-json\/wp\/v2\/posts\/8312\/revisions"}],"wp:attachment":[{"href":"https:\/\/blogs.amarinha.gal\/ribadeando\/wp-json\/wp\/v2\/media?parent=8312"}],"wp:term":[{"taxonomy":"category","embeddable":true,"href":"https:\/\/blogs.amarinha.gal\/ribadeando\/wp-json\/wp\/v2\/categories?post=8312"},{"taxonomy":"post_tag","embeddable":true,"href":"https:\/\/blogs.amarinha.gal\/ribadeando\/wp-json\/wp\/v2\/tags?post=8312"}],"curies":[{"name":"wp","href":"https:\/\/api.w.org\/{rel}","templated":true}]}}