{"id":8309,"date":"2010-07-02T09:37:00","date_gmt":"2010-07-02T07:37:00","guid":{"rendered":""},"modified":"2024-11-12T14:56:25","modified_gmt":"2024-11-12T13:56:25","slug":"educacion-anda-movida","status":"publish","type":"post","link":"https:\/\/blogs.amarinha.gal\/ribadeando\/2010\/07\/02\/educacion-anda-movida\/","title":{"rendered":"A educaci\u00f3n anda movida"},"content":{"rendered":"<p>Mentras hai un clamor por calquera sitio a cada nova medida da calidade do ensino, s\u00e9gunese a sufrir as decisi\u00f3ns &#8216;de arriba&#8217; de xeito impetuoso e brutal. En Ribadeo temos tradici\u00f3n, pois t\u00f3canos tanto o decidio a nivel estatal como galego. Se o primeiro que lembro foi levar para Burela as ensinanzas da rama Sanitaria de FP cando estaba repletas en Ribadeo e fac\u00edan pr\u00e1cticas non s\u00f3 en Burela (o argumento era que en Burela estaba o hospital, que xa hab\u00eda cando se instaurou eses estudos en Ribadeo) sen\u00f3n tam\u00e9n en Jarrio, a cousa continuou de diversas maneiras, por exemplo (e sen esquecer a reducci\u00f3n de centros en curso), non permit\u00edndolle \u00f3s alumnos de ESO compatibilizar o estudo dunha lingua extranxeira nos IES cos da EOI. Neste segundo caso o alegado foi a duplicidade de estudos: que fora diferente n\u00famero d ehoras e de nivel non valeu, pero tampouco que a preparaci\u00f3n reco\u00f1ecida na ESO siga a ser atacada polo baixo resultado.<br \/>\nAgora tocoulle \u00f3 ensino nouturno mari\u00f1\u00e1n. \u00e9 certo que est\u00e1 duplicado, pero non \u00e9 certo que en t\u00f3dolos casos este\u00f1a con baixo nivel de matr\u00edcula. Cl\u00e1mase dende a Conseller\u00eda polo estudo semipresencial, e non ser\u00eda malo se non fora unha substituci\u00f3n  \u00e1s pr\u00e9sas pola intuici\u00f3n de que vai ser m\u00e1is barato, cando o funcionamento do ensino a distancia non foi potenciado nunca na Mari\u00f1a ata o momento.<br \/>\nE, se nos fixamos, todos estes cambios son de atribuci\u00f3ns a unha ou outra dependencia administrativa (a\u00ednda que l\u00f3xicamente, afecten \u00f3s cidad\u00e1ns), pero non para unha mellora de calidade do ensino, e menos a\u00ednda, da educaci\u00f3n&#8230;<\/p>\n","protected":false},"excerpt":{"rendered":"<p>Mentras hai un clamor por calquera sitio a cada nova medida da calidade do ensino, s\u00e9gunese a sufrir as decisi\u00f3ns &#8216;de arriba&#8217; de xeito impetuoso e brutal. En Ribadeo temos tradici\u00f3n, pois t\u00f3canos tanto o decidio a nivel estatal como galego. Se o primeiro que lembro foi levar para Burela as ensinanzas da rama Sanitaria [&hellip;]<\/p>\n","protected":false},"author":3,"featured_media":0,"comment_status":"open","ping_status":"closed","sticky":false,"template":"","format":"standard","meta":{"activitypub_content_warning":"","activitypub_content_visibility":"","activitypub_max_image_attachments":3,"activitypub_interaction_policy_quote":"anyone","activitypub_status":"federated","footnotes":""},"categories":[1],"tags":[18,9],"class_list":["post-8309","post","type-post","status-publish","format-standard","hentry","category-sen-categoria","tag-educacion","tag-sociedade"],"_links":{"self":[{"href":"https:\/\/blogs.amarinha.gal\/ribadeando\/wp-json\/wp\/v2\/posts\/8309","targetHints":{"allow":["GET"]}}],"collection":[{"href":"https:\/\/blogs.amarinha.gal\/ribadeando\/wp-json\/wp\/v2\/posts"}],"about":[{"href":"https:\/\/blogs.amarinha.gal\/ribadeando\/wp-json\/wp\/v2\/types\/post"}],"author":[{"embeddable":true,"href":"https:\/\/blogs.amarinha.gal\/ribadeando\/wp-json\/wp\/v2\/users\/3"}],"replies":[{"embeddable":true,"href":"https:\/\/blogs.amarinha.gal\/ribadeando\/wp-json\/wp\/v2\/comments?post=8309"}],"version-history":[{"count":0,"href":"https:\/\/blogs.amarinha.gal\/ribadeando\/wp-json\/wp\/v2\/posts\/8309\/revisions"}],"wp:attachment":[{"href":"https:\/\/blogs.amarinha.gal\/ribadeando\/wp-json\/wp\/v2\/media?parent=8309"}],"wp:term":[{"taxonomy":"category","embeddable":true,"href":"https:\/\/blogs.amarinha.gal\/ribadeando\/wp-json\/wp\/v2\/categories?post=8309"},{"taxonomy":"post_tag","embeddable":true,"href":"https:\/\/blogs.amarinha.gal\/ribadeando\/wp-json\/wp\/v2\/tags?post=8309"}],"curies":[{"name":"wp","href":"https:\/\/api.w.org\/{rel}","templated":true}]}}