{"id":8307,"date":"2010-07-06T08:46:00","date_gmt":"2010-07-06T06:46:00","guid":{"rendered":""},"modified":"2024-11-12T14:56:23","modified_gmt":"2024-11-12T13:56:23","slug":"por-esta-limpeza-tardia","status":"publish","type":"post","link":"https:\/\/blogs.amarinha.gal\/ribadeando\/2010\/07\/06\/por-esta-limpeza-tardia\/","title":{"rendered":"Por esta, limpeza tard\u00eda"},"content":{"rendered":"<p>Onte o concello sacou unha nota de prensa pola que se permite, previa petici\u00f3n escrita, a limpeza da madeira acumulada nos r\u00edos. Hai que lembrar que a potestade sobre o tema tena a confederaci\u00f3n hidrogr\u00e1fica, non o concello, que fai de entidade subsidiaria neste caso. Pero sobre todo, hai que lembrar que foi a falta de limpeza dos r\u00edos o agravante para que se produxeran danos maiores nalgunhas situaci\u00f3ns das riadas do pasado mes, \u00f3 atrancar os vanos das pontes con madeiras (\u00e1s veces, \u00e1rbores enteiros) que adem\u00e1is apoi\u00e1banse nos pilares, impedindo o paso da auga e facendo forza suplementaria sobre o baseamento. As\u00ed se chegou a situaci\u00f3ns como a da Ponte de Arante, que quedou completamente tocada.<br \/>\nPor esta vez chegouse tarde. Pero tr\u00e1tase de que coa experiencia tida, esta limpeza sexa axustada \u00f3 que se necesita. E novamente, de todos depende velar por que as\u00ed sexa.<\/p>\n","protected":false},"excerpt":{"rendered":"<p>Onte o concello sacou unha nota de prensa pola que se permite, previa petici\u00f3n escrita, a limpeza da madeira acumulada nos r\u00edos. Hai que lembrar que a potestade sobre o tema tena a confederaci\u00f3n hidrogr\u00e1fica, non o concello, que fai de entidade subsidiaria neste caso. Pero sobre todo, hai que lembrar que foi a falta [&hellip;]<\/p>\n","protected":false},"author":3,"featured_media":0,"comment_status":"open","ping_status":"closed","sticky":false,"template":"","format":"standard","meta":{"activitypub_content_warning":"","activitypub_content_visibility":"","activitypub_max_image_attachments":3,"activitypub_interaction_policy_quote":"anyone","activitypub_status":"federated","footnotes":""},"categories":[1],"tags":[21,18,9],"class_list":["post-8307","post","type-post","status-publish","format-standard","hentry","category-sen-categoria","tag-economia","tag-educacion","tag-sociedade"],"_links":{"self":[{"href":"https:\/\/blogs.amarinha.gal\/ribadeando\/wp-json\/wp\/v2\/posts\/8307","targetHints":{"allow":["GET"]}}],"collection":[{"href":"https:\/\/blogs.amarinha.gal\/ribadeando\/wp-json\/wp\/v2\/posts"}],"about":[{"href":"https:\/\/blogs.amarinha.gal\/ribadeando\/wp-json\/wp\/v2\/types\/post"}],"author":[{"embeddable":true,"href":"https:\/\/blogs.amarinha.gal\/ribadeando\/wp-json\/wp\/v2\/users\/3"}],"replies":[{"embeddable":true,"href":"https:\/\/blogs.amarinha.gal\/ribadeando\/wp-json\/wp\/v2\/comments?post=8307"}],"version-history":[{"count":0,"href":"https:\/\/blogs.amarinha.gal\/ribadeando\/wp-json\/wp\/v2\/posts\/8307\/revisions"}],"wp:attachment":[{"href":"https:\/\/blogs.amarinha.gal\/ribadeando\/wp-json\/wp\/v2\/media?parent=8307"}],"wp:term":[{"taxonomy":"category","embeddable":true,"href":"https:\/\/blogs.amarinha.gal\/ribadeando\/wp-json\/wp\/v2\/categories?post=8307"},{"taxonomy":"post_tag","embeddable":true,"href":"https:\/\/blogs.amarinha.gal\/ribadeando\/wp-json\/wp\/v2\/tags?post=8307"}],"curies":[{"name":"wp","href":"https:\/\/api.w.org\/{rel}","templated":true}]}}