{"id":8297,"date":"2010-07-14T08:31:00","date_gmt":"2010-07-14T06:31:00","guid":{"rendered":""},"modified":"2024-11-12T14:56:00","modified_gmt":"2024-11-12T13:56:00","slug":"sobre-o-pleno-do-luns-e-un-rumor-que","status":"publish","type":"post","link":"https:\/\/blogs.amarinha.gal\/ribadeando\/2010\/07\/14\/sobre-o-pleno-do-luns-e-un-rumor-que\/","title":{"rendered":"Sobre o pleno do luns e un rumor que medra"},"content":{"rendered":"<p>Deixo a ligaz\u00f3n \u00e1 <a href=\"http:\/\/www.ribadeo.org\/actualidade\/nova.php?id=543&amp;lg=gal\">nota de prensa do concello sobre o pleno de 20100712<\/a>, na que vexo por primeira vez por escrito un rumor que comezou hai m\u00e1is dun mes en Ribadeo, e que imputar\u00eda \u00f3 xefe de filas de UPRi, Paco Rivas, a aceptaci\u00f3n dun cargo na Xunta, coa conseguinte desestruturaci\u00f3n da actual relaci\u00f3n de forzas na pol\u00edtica municipal de cara \u00f3 resto do mandato, e m\u00e1is de cara \u00f3 futuro, pois UPRi non se presentar\u00eda de novo \u00e1s municipais, voltando un certo caudal de votos \u00f3 PP e po\u00f1endo nun brete con elo \u00e1 actual maior\u00eda minoritaria do BNG. Como todo rumor, m\u00e1is se temos en conta que foi in crescendo durante m\u00e1is dun mes, ten outras derivaci\u00f3ns e as s\u00faas confirmaci\u00f3ns, motivo seguro do por que na nota de prensa do concello se fai eco do tema.<br \/>\nDo que non se dixo nada no pleno \u00e9 de que esta ma\u00f1\u00e1 se inaugura o ascensor da Atalaia, co que xa haber\u00e1 que comezar a mantelo.<\/p>\n","protected":false},"excerpt":{"rendered":"<p>Deixo a ligaz\u00f3n \u00e1 nota de prensa do concello sobre o pleno de 20100712, na que vexo por primeira vez por escrito un rumor que comezou hai m\u00e1is dun mes en Ribadeo, e que imputar\u00eda \u00f3 xefe de filas de UPRi, Paco Rivas, a aceptaci\u00f3n dun cargo na Xunta, coa conseguinte desestruturaci\u00f3n da actual relaci\u00f3n [&hellip;]<\/p>\n","protected":false},"author":3,"featured_media":0,"comment_status":"open","ping_status":"closed","sticky":false,"template":"","format":"standard","meta":{"activitypub_content_warning":"","activitypub_content_visibility":"","activitypub_max_image_attachments":3,"activitypub_interaction_policy_quote":"anyone","activitypub_status":"federate","footnotes":""},"categories":[1],"tags":[13],"class_list":["post-8297","post","type-post","status-publish","format-standard","hentry","category-sen-categoria","tag-politica"],"_links":{"self":[{"href":"https:\/\/blogs.amarinha.gal\/ribadeando\/wp-json\/wp\/v2\/posts\/8297","targetHints":{"allow":["GET"]}}],"collection":[{"href":"https:\/\/blogs.amarinha.gal\/ribadeando\/wp-json\/wp\/v2\/posts"}],"about":[{"href":"https:\/\/blogs.amarinha.gal\/ribadeando\/wp-json\/wp\/v2\/types\/post"}],"author":[{"embeddable":true,"href":"https:\/\/blogs.amarinha.gal\/ribadeando\/wp-json\/wp\/v2\/users\/3"}],"replies":[{"embeddable":true,"href":"https:\/\/blogs.amarinha.gal\/ribadeando\/wp-json\/wp\/v2\/comments?post=8297"}],"version-history":[{"count":0,"href":"https:\/\/blogs.amarinha.gal\/ribadeando\/wp-json\/wp\/v2\/posts\/8297\/revisions"}],"wp:attachment":[{"href":"https:\/\/blogs.amarinha.gal\/ribadeando\/wp-json\/wp\/v2\/media?parent=8297"}],"wp:term":[{"taxonomy":"category","embeddable":true,"href":"https:\/\/blogs.amarinha.gal\/ribadeando\/wp-json\/wp\/v2\/categories?post=8297"},{"taxonomy":"post_tag","embeddable":true,"href":"https:\/\/blogs.amarinha.gal\/ribadeando\/wp-json\/wp\/v2\/tags?post=8297"}],"curies":[{"name":"wp","href":"https:\/\/api.w.org\/{rel}","templated":true}]}}