{"id":8294,"date":"2010-07-16T08:52:00","date_gmt":"2010-07-16T06:52:00","guid":{"rendered":""},"modified":"2024-11-12T14:55:55","modified_gmt":"2024-11-12T13:55:55","slug":"sobre-mirasol","status":"publish","type":"post","link":"https:\/\/blogs.amarinha.gal\/ribadeando\/2010\/07\/16\/sobre-mirasol\/","title":{"rendered":"Sobre Mirasol"},"content":{"rendered":"<p><a onblur=\"try {parent.deselectBloggerImageGracefully();} catch(e) {}\" href=\"https:\/\/blogger.googleusercontent.com\/img\/b\/R29vZ2xl\/AVvXsEj3XHCcMAHYeFx0kJEe0K2SyJcxQSTPuVsWOtcjDPcfrlwzepjcUJTFLbOf82QXUjVUK8C0GoxsYzaqiPIYgzZVfpSBAGJR__chMrR73yUvg9ZKTH9cQpINVXN-h8G3b1Vt3Bk3Dg\/s2048\/Dragado+Mirasol.jpg\"><img decoding=\"async\" src=\"https:\/\/blogger.googleusercontent.com\/img\/b\/R29vZ2xl\/AVvXsEj3XHCcMAHYeFx0kJEe0K2SyJcxQSTPuVsWOtcjDPcfrlwzepjcUJTFLbOf82QXUjVUK8C0GoxsYzaqiPIYgzZVfpSBAGJR__chMrR73yUvg9ZKTH9cQpINVXN-h8G3b1Vt3Bk3Dg\/s2048\/Dragado+Mirasol.jpg\" alt=\"\" \/><\/a><br \/>\nOnte foi dada a nova da apertura de licitaci\u00f3n das obras en Mirasol, comprometidas a ENCE. 2,6M\u20ac para b\u00e1sicamente ampliar o espig\u00f3n no seu grosor (como tenta representar a zona en negro) e a un dragado ata 100m da beira (l\u00edmite marcado pola li\u00f1a vermella) abranguendo a lonxitude do peirao. A dicir que a foto, tomada do sigpac, presenta Mirasol como xa non \u00e9, pois por exemplo non aparece a estrada exterior, nin a pequena nave \u00e1 beira da sa\u00edda sur.<br \/>\nPor outras veces que foi tratado o tema do porto, a distancia de manobra dos barcos est\u00e1 limitada a 120 m da li\u00f1a do porto, pero non sei se a contar dende a li\u00f1a que agora se vai a sobrepasar no espig\u00f3n (o m\u00e1is probable e que levar\u00eda o dragado \u00f3 l\u00edmite f\u00edsico do permitido, afectando a derrumbes na beiras do tes\u00f3n) ou dende a li\u00f1a actual da maior\u00eda do peirao.<br \/>\n<a onblur=\"try {parent.deselectBloggerImageGracefully();} catch(e) {}\" href=\"https:\/\/blogger.googleusercontent.com\/img\/b\/R29vZ2xl\/AVvXsEjaM-Z_hPvpfeFonFRFcfprYjPW5kHwTQRHx-yqjYXoozxEHzP-nriz6XANgBVA7TDXeh190sfB3AkGepzlyQmfG87nrMaGDAbxnroRDxc8GTjJV3nG-Q-_4xhFLSLH9LaomNxtSA\/s2048\/naves+Mirasol.jpg\"><img decoding=\"async\" src=\"https:\/\/blogger.googleusercontent.com\/img\/b\/R29vZ2xl\/AVvXsEjaM-Z_hPvpfeFonFRFcfprYjPW5kHwTQRHx-yqjYXoozxEHzP-nriz6XANgBVA7TDXeh190sfB3AkGepzlyQmfG87nrMaGDAbxnroRDxc8GTjJV3nG-Q-_4xhFLSLH9LaomNxtSA\/s2048\/naves+Mirasol.jpg\" alt=\"\" \/><\/a><br \/>\nA segunda foto, unha vista nouturna da nova nave que se est\u00e1 a constru\u00edr despois do derrumbe do muro que afectou \u00f3 taller, e a tam\u00e9n nova nave na fronte de carga do peirao.<\/p>\n","protected":false},"excerpt":{"rendered":"<p>Onte foi dada a nova da apertura de licitaci\u00f3n das obras en Mirasol, comprometidas a ENCE. 2,6M\u20ac para b\u00e1sicamente ampliar o espig\u00f3n no seu grosor (como tenta representar a zona en negro) e a un dragado ata 100m da beira (l\u00edmite marcado pola li\u00f1a vermella) abranguendo a lonxitude do peirao. A dicir que a foto, [&hellip;]<\/p>\n","protected":false},"author":3,"featured_media":0,"comment_status":"open","ping_status":"closed","sticky":false,"template":"","format":"standard","meta":{"activitypub_content_warning":"","activitypub_content_visibility":"","activitypub_max_image_attachments":3,"activitypub_interaction_policy_quote":"anyone","activitypub_status":"federate","footnotes":""},"categories":[1],"tags":[21,9],"class_list":["post-8294","post","type-post","status-publish","format-standard","hentry","category-sen-categoria","tag-economia","tag-sociedade"],"_links":{"self":[{"href":"https:\/\/blogs.amarinha.gal\/ribadeando\/wp-json\/wp\/v2\/posts\/8294","targetHints":{"allow":["GET"]}}],"collection":[{"href":"https:\/\/blogs.amarinha.gal\/ribadeando\/wp-json\/wp\/v2\/posts"}],"about":[{"href":"https:\/\/blogs.amarinha.gal\/ribadeando\/wp-json\/wp\/v2\/types\/post"}],"author":[{"embeddable":true,"href":"https:\/\/blogs.amarinha.gal\/ribadeando\/wp-json\/wp\/v2\/users\/3"}],"replies":[{"embeddable":true,"href":"https:\/\/blogs.amarinha.gal\/ribadeando\/wp-json\/wp\/v2\/comments?post=8294"}],"version-history":[{"count":0,"href":"https:\/\/blogs.amarinha.gal\/ribadeando\/wp-json\/wp\/v2\/posts\/8294\/revisions"}],"wp:attachment":[{"href":"https:\/\/blogs.amarinha.gal\/ribadeando\/wp-json\/wp\/v2\/media?parent=8294"}],"wp:term":[{"taxonomy":"category","embeddable":true,"href":"https:\/\/blogs.amarinha.gal\/ribadeando\/wp-json\/wp\/v2\/categories?post=8294"},{"taxonomy":"post_tag","embeddable":true,"href":"https:\/\/blogs.amarinha.gal\/ribadeando\/wp-json\/wp\/v2\/tags?post=8294"}],"curies":[{"name":"wp","href":"https:\/\/api.w.org\/{rel}","templated":true}]}}