{"id":8293,"date":"2010-07-16T09:11:00","date_gmt":"2010-07-16T07:11:00","guid":{"rendered":""},"modified":"2024-11-12T14:55:53","modified_gmt":"2024-11-12T13:55:53","slug":"bailes-politicos","status":"publish","type":"post","link":"https:\/\/blogs.amarinha.gal\/ribadeando\/2010\/07\/16\/bailes-politicos\/","title":{"rendered":"Bailes pol\u00edticos"},"content":{"rendered":"<p>Ribadeo comeza a ferver ante as pr\u00f3ximas elecci\u00f3ns locais. Se onte a\u00ednda era nova a<a href=\"http:\/\/ribadeando.blogspot.com\/2010\/07\/sobre-o-pleno-do-luns-e-un-rumor-que.html\"> tentaci\u00f3n do PP pola cabeza de UPRi<\/a>, (<a href=\"http:\/\/www.lavozdegalicia.es\/amarina\/2010\/07\/16\/0003_8612647.htm\">desmentido na prensa de hoxe dun xeito que parece que se tivera saltado por riba da estrutura local do PP<\/a>), hoxe ten saltado un <a href=\"http:\/\/www.lavozdegalicia.es\/amarina\/2010\/07\/16\/0003_8612646.htm\">cambio doutro tipo, de PP (de Ribadeo) a PSOE (de Barreiros), segundo esta nova que afecta a Manuel l\u00f3pez Lens<\/a>.<br \/>\nA nove meses longos das elecci\u00f3ns, parece que esto non fai m\u00e1is que comezar (os bailes finalizar\u00e1n de xeito obrigado \u00f3 consolidarse as candidaturas), pero \u00f3 tempo tam\u00e9n fai que a xente se pregunte sobre a diferencia entre partidos e sobre os m\u00f3biles dos candidatos. Iso, polo menos.<\/p>\n","protected":false},"excerpt":{"rendered":"<p>Ribadeo comeza a ferver ante as pr\u00f3ximas elecci\u00f3ns locais. Se onte a\u00ednda era nova a tentaci\u00f3n do PP pola cabeza de UPRi, (desmentido na prensa de hoxe dun xeito que parece que se tivera saltado por riba da estrutura local do PP), hoxe ten saltado un cambio doutro tipo, de PP (de Ribadeo) a PSOE [&hellip;]<\/p>\n","protected":false},"author":3,"featured_media":0,"comment_status":"open","ping_status":"closed","sticky":false,"template":"","format":"standard","meta":{"activitypub_content_warning":"","activitypub_content_visibility":"","activitypub_max_image_attachments":3,"activitypub_interaction_policy_quote":"anyone","activitypub_status":"federate","footnotes":""},"categories":[1],"tags":[13],"class_list":["post-8293","post","type-post","status-publish","format-standard","hentry","category-sen-categoria","tag-politica"],"_links":{"self":[{"href":"https:\/\/blogs.amarinha.gal\/ribadeando\/wp-json\/wp\/v2\/posts\/8293","targetHints":{"allow":["GET"]}}],"collection":[{"href":"https:\/\/blogs.amarinha.gal\/ribadeando\/wp-json\/wp\/v2\/posts"}],"about":[{"href":"https:\/\/blogs.amarinha.gal\/ribadeando\/wp-json\/wp\/v2\/types\/post"}],"author":[{"embeddable":true,"href":"https:\/\/blogs.amarinha.gal\/ribadeando\/wp-json\/wp\/v2\/users\/3"}],"replies":[{"embeddable":true,"href":"https:\/\/blogs.amarinha.gal\/ribadeando\/wp-json\/wp\/v2\/comments?post=8293"}],"version-history":[{"count":0,"href":"https:\/\/blogs.amarinha.gal\/ribadeando\/wp-json\/wp\/v2\/posts\/8293\/revisions"}],"wp:attachment":[{"href":"https:\/\/blogs.amarinha.gal\/ribadeando\/wp-json\/wp\/v2\/media?parent=8293"}],"wp:term":[{"taxonomy":"category","embeddable":true,"href":"https:\/\/blogs.amarinha.gal\/ribadeando\/wp-json\/wp\/v2\/categories?post=8293"},{"taxonomy":"post_tag","embeddable":true,"href":"https:\/\/blogs.amarinha.gal\/ribadeando\/wp-json\/wp\/v2\/tags?post=8293"}],"curies":[{"name":"wp","href":"https:\/\/api.w.org\/{rel}","templated":true}]}}