{"id":8289,"date":"2010-07-17T12:08:00","date_gmt":"2010-07-17T10:08:00","guid":{"rendered":""},"modified":"2024-11-12T14:55:47","modified_gmt":"2024-11-12T13:55:47","slug":"delicto-gravisimo","status":"publish","type":"post","link":"https:\/\/blogs.amarinha.gal\/ribadeando\/2010\/07\/17\/delicto-gravisimo\/","title":{"rendered":"Delicto grav\u00edsimo"},"content":{"rendered":"<p>O vaticano remata de elevar \u00e1 categor\u00eda de delicto grav\u00edsimo a ordeaci\u00f3n sacerdotal de mulleres. Un delicto grav\u00edsimo que comparte lugar na prensa con cousas que parecen ser pecados veniais, como o &#8216;pasar&#8217; do debate sobre o estado da naci\u00f3n do xefe da oposici\u00f3n dun (supostamente) estado democr\u00e1tico, ou o en\u00e9simo caso de corrupci\u00f3n.<br \/>\n\u00c9 dicir, progresamos.<\/p>\n","protected":false},"excerpt":{"rendered":"<p>O vaticano remata de elevar \u00e1 categor\u00eda de delicto grav\u00edsimo a ordeaci\u00f3n sacerdotal de mulleres. Un delicto grav\u00edsimo que comparte lugar na prensa con cousas que parecen ser pecados veniais, como o &#8216;pasar&#8217; do debate sobre o estado da naci\u00f3n do xefe da oposici\u00f3n dun (supostamente) estado democr\u00e1tico, ou o en\u00e9simo caso de corrupci\u00f3n. \u00c9 [&hellip;]<\/p>\n","protected":false},"author":3,"featured_media":0,"comment_status":"open","ping_status":"closed","sticky":false,"template":"","format":"standard","meta":{"activitypub_content_warning":"","activitypub_content_visibility":"","activitypub_max_image_attachments":3,"activitypub_interaction_policy_quote":"anyone","activitypub_status":"federate","footnotes":""},"categories":[1],"tags":[9],"class_list":["post-8289","post","type-post","status-publish","format-standard","hentry","category-sen-categoria","tag-sociedade"],"_links":{"self":[{"href":"https:\/\/blogs.amarinha.gal\/ribadeando\/wp-json\/wp\/v2\/posts\/8289","targetHints":{"allow":["GET"]}}],"collection":[{"href":"https:\/\/blogs.amarinha.gal\/ribadeando\/wp-json\/wp\/v2\/posts"}],"about":[{"href":"https:\/\/blogs.amarinha.gal\/ribadeando\/wp-json\/wp\/v2\/types\/post"}],"author":[{"embeddable":true,"href":"https:\/\/blogs.amarinha.gal\/ribadeando\/wp-json\/wp\/v2\/users\/3"}],"replies":[{"embeddable":true,"href":"https:\/\/blogs.amarinha.gal\/ribadeando\/wp-json\/wp\/v2\/comments?post=8289"}],"version-history":[{"count":0,"href":"https:\/\/blogs.amarinha.gal\/ribadeando\/wp-json\/wp\/v2\/posts\/8289\/revisions"}],"wp:attachment":[{"href":"https:\/\/blogs.amarinha.gal\/ribadeando\/wp-json\/wp\/v2\/media?parent=8289"}],"wp:term":[{"taxonomy":"category","embeddable":true,"href":"https:\/\/blogs.amarinha.gal\/ribadeando\/wp-json\/wp\/v2\/categories?post=8289"},{"taxonomy":"post_tag","embeddable":true,"href":"https:\/\/blogs.amarinha.gal\/ribadeando\/wp-json\/wp\/v2\/tags?post=8289"}],"curies":[{"name":"wp","href":"https:\/\/api.w.org\/{rel}","templated":true}]}}