{"id":8287,"date":"2010-07-18T21:27:00","date_gmt":"2010-07-18T19:27:00","guid":{"rendered":""},"modified":"2024-11-12T14:55:45","modified_gmt":"2024-11-12T13:55:45","slug":"unha-enfermidade-da-alma","status":"publish","type":"post","link":"https:\/\/blogs.amarinha.gal\/ribadeando\/2010\/07\/18\/unha-enfermidade-da-alma\/","title":{"rendered":"Unha enfermidade da alma"},"content":{"rendered":"<p>&#8220;Todos co\u00f1ecemos unha patolox\u00eda de \u00c1frica Central chamada enfermidade do so\u00f1o. O que temos que saber \u00e9 que existe outra enfermidade parella que ataca \u00e1 alma, e que moi perigosa porque se instala sen que nos decatemos. Cando notes o primeiro indicio de indiferencia e falta de entusiasmo respecto \u00f3s teus semellantes, ponte alerta! O \u00fanico xeito de previr esa enfermidade \u00e9 entendendo que a alma sofre, e moito, cando a obrigamos a vivir de xeito superficial. \u00e1 alma gustanlle as cousas belas e profundas&#8221;, tra\u00eddo de &#8216;El vencedor est\u00e1 solo&#8217;, de Paulo Coelho.<br \/>\nS\u00f3 unha cita como moitas outras, para remarcar que a alma sofre cando vivimos dun xeito superficial, pois as\u00ed dito xa est\u00e1 manido&#8230;<\/p>\n","protected":false},"excerpt":{"rendered":"<p>&#8220;Todos co\u00f1ecemos unha patolox\u00eda de \u00c1frica Central chamada enfermidade do so\u00f1o. O que temos que saber \u00e9 que existe outra enfermidade parella que ataca \u00e1 alma, e que moi perigosa porque se instala sen que nos decatemos. Cando notes o primeiro indicio de indiferencia e falta de entusiasmo respecto \u00f3s teus semellantes, ponte alerta! O [&hellip;]<\/p>\n","protected":false},"author":3,"featured_media":0,"comment_status":"open","ping_status":"closed","sticky":false,"template":"","format":"standard","meta":{"activitypub_content_warning":"","activitypub_content_visibility":"","activitypub_max_image_attachments":3,"activitypub_interaction_policy_quote":"anyone","activitypub_status":"federate","footnotes":""},"categories":[1],"tags":[32],"class_list":["post-8287","post","type-post","status-publish","format-standard","hentry","category-sen-categoria","tag-filosofia"],"_links":{"self":[{"href":"https:\/\/blogs.amarinha.gal\/ribadeando\/wp-json\/wp\/v2\/posts\/8287","targetHints":{"allow":["GET"]}}],"collection":[{"href":"https:\/\/blogs.amarinha.gal\/ribadeando\/wp-json\/wp\/v2\/posts"}],"about":[{"href":"https:\/\/blogs.amarinha.gal\/ribadeando\/wp-json\/wp\/v2\/types\/post"}],"author":[{"embeddable":true,"href":"https:\/\/blogs.amarinha.gal\/ribadeando\/wp-json\/wp\/v2\/users\/3"}],"replies":[{"embeddable":true,"href":"https:\/\/blogs.amarinha.gal\/ribadeando\/wp-json\/wp\/v2\/comments?post=8287"}],"version-history":[{"count":0,"href":"https:\/\/blogs.amarinha.gal\/ribadeando\/wp-json\/wp\/v2\/posts\/8287\/revisions"}],"wp:attachment":[{"href":"https:\/\/blogs.amarinha.gal\/ribadeando\/wp-json\/wp\/v2\/media?parent=8287"}],"wp:term":[{"taxonomy":"category","embeddable":true,"href":"https:\/\/blogs.amarinha.gal\/ribadeando\/wp-json\/wp\/v2\/categories?post=8287"},{"taxonomy":"post_tag","embeddable":true,"href":"https:\/\/blogs.amarinha.gal\/ribadeando\/wp-json\/wp\/v2\/tags?post=8287"}],"curies":[{"name":"wp","href":"https:\/\/api.w.org\/{rel}","templated":true}]}}