{"id":8285,"date":"2010-07-20T07:49:00","date_gmt":"2010-07-20T05:49:00","guid":{"rendered":""},"modified":"2024-11-12T14:55:43","modified_gmt":"2024-11-12T13:55:43","slug":"unha-curiosidade-mais-sobre-ria-de","status":"publish","type":"post","link":"https:\/\/blogs.amarinha.gal\/ribadeando\/2010\/07\/20\/unha-curiosidade-mais-sobre-ria-de\/","title":{"rendered":"Unha curiosidade m\u00e1is sobre a r\u00eda de Ribado"},"content":{"rendered":"<p><a onblur=\"try {parent.deselectBloggerImageGracefully();} catch(e) {}\" href=\"https:\/\/blogger.googleusercontent.com\/img\/b\/R29vZ2xl\/AVvXsEg4HY5CQI0kTPPg0Rc0AuyDVSgEkA_mQe22jw1wWC1X8SdmwsXzHq5fSxPVJcW7p_RWcrk1GFdpfi73xFeaYBjzX6DDbGVt3R5OtZlPjf4ttp3CJtD5Z0NvmPI09eECWMR9CX_lQQ\/s2048\/sen+ria+de+ribadeo.jpg\"><img decoding=\"async\" src=\"https:\/\/blogger.googleusercontent.com\/img\/b\/R29vZ2xl\/AVvXsEg4HY5CQI0kTPPg0Rc0AuyDVSgEkA_mQe22jw1wWC1X8SdmwsXzHq5fSxPVJcW7p_RWcrk1GFdpfi73xFeaYBjzX6DDbGVt3R5OtZlPjf4ttp3CJtD5Z0NvmPI09eECWMR9CX_lQQ\/s2048\/sen+ria+de+ribadeo.jpg\" alt=\"\" \/><\/a><br \/>\nXa estamos afeitos a que a r\u00eda de Ribadeo sofra todo tipo de discriminaci\u00f3ns (descontando as propias de agresi\u00f3n natural), dende diarios que a tratan como &#8216;do Eo&#8217; a gu\u00edas que a incl\u00faen en Asturias, pasando por Presidentes da Xunta, etc.<br \/>\nNeste caso, \u00e9 un mantel collido nun local c\u00e9ntrico en Lugo a comezos de mes, con diveros patrocinadores (entre os logos, o da Deputaci\u00f3n e o Museo Provincial), no que aparece o r\u00edo Eo pero non a R\u00eda de Ribadeo (craro que neste caso, tampouco aparece o nome da r\u00eda de Foz, a\u00ednda que si o entrante correspondente).<br \/>\nEn fin, nader\u00edas sobre a r\u00eda do encontro.<br \/>\nPor certo, facendo uns c\u00e1lculos o outro d\u00eda cheguei a unha estimaci\u00f3n da auga que entra na r\u00eda nunha marea (algo que pode variar moito dunhas a outras): uns 30 M de toneladas.<\/p>\n","protected":false},"excerpt":{"rendered":"<p>Xa estamos afeitos a que a r\u00eda de Ribadeo sofra todo tipo de discriminaci\u00f3ns (descontando as propias de agresi\u00f3n natural), dende diarios que a tratan como &#8216;do Eo&#8217; a gu\u00edas que a incl\u00faen en Asturias, pasando por Presidentes da Xunta, etc. Neste caso, \u00e9 un mantel collido nun local c\u00e9ntrico en Lugo a comezos de [&hellip;]<\/p>\n","protected":false},"author":3,"featured_media":0,"comment_status":"open","ping_status":"closed","sticky":false,"template":"","format":"standard","meta":{"activitypub_content_warning":"","activitypub_content_visibility":"","activitypub_max_image_attachments":3,"activitypub_interaction_policy_quote":"anyone","activitypub_status":"federate","footnotes":""},"categories":[1],"tags":[10,18,9],"class_list":["post-8285","post","type-post","status-publish","format-standard","hentry","category-sen-categoria","tag-cultura","tag-educacion","tag-sociedade"],"_links":{"self":[{"href":"https:\/\/blogs.amarinha.gal\/ribadeando\/wp-json\/wp\/v2\/posts\/8285","targetHints":{"allow":["GET"]}}],"collection":[{"href":"https:\/\/blogs.amarinha.gal\/ribadeando\/wp-json\/wp\/v2\/posts"}],"about":[{"href":"https:\/\/blogs.amarinha.gal\/ribadeando\/wp-json\/wp\/v2\/types\/post"}],"author":[{"embeddable":true,"href":"https:\/\/blogs.amarinha.gal\/ribadeando\/wp-json\/wp\/v2\/users\/3"}],"replies":[{"embeddable":true,"href":"https:\/\/blogs.amarinha.gal\/ribadeando\/wp-json\/wp\/v2\/comments?post=8285"}],"version-history":[{"count":0,"href":"https:\/\/blogs.amarinha.gal\/ribadeando\/wp-json\/wp\/v2\/posts\/8285\/revisions"}],"wp:attachment":[{"href":"https:\/\/blogs.amarinha.gal\/ribadeando\/wp-json\/wp\/v2\/media?parent=8285"}],"wp:term":[{"taxonomy":"category","embeddable":true,"href":"https:\/\/blogs.amarinha.gal\/ribadeando\/wp-json\/wp\/v2\/categories?post=8285"},{"taxonomy":"post_tag","embeddable":true,"href":"https:\/\/blogs.amarinha.gal\/ribadeando\/wp-json\/wp\/v2\/tags?post=8285"}],"curies":[{"name":"wp","href":"https:\/\/api.w.org\/{rel}","templated":true}]}}