{"id":8282,"date":"2010-07-27T09:33:00","date_gmt":"2010-07-27T07:33:00","guid":{"rendered":""},"modified":"2024-11-12T14:55:37","modified_gmt":"2024-11-12T13:55:37","slug":"periodismo-preventivo","status":"publish","type":"post","link":"https:\/\/blogs.amarinha.gal\/ribadeando\/2010\/07\/27\/periodismo-preventivo\/","title":{"rendered":"Periodismo preventivo"},"content":{"rendered":"<p>Escoitando onte radio nacional atopeime con este termo, que quixera aplicar a Ribadeo: a <a href=\"http:\/\/es.wikipedia.org\/wiki\/Periodismo_preventivo\">definici\u00f3n<\/a> di abondo, pero \u00e9 complicada. Tr\u00e1tase de po\u00f1er as bases, mediante as novas de prensa, para unha comprensi\u00f3n do que se ve abocado a pasar despois.<br \/>\nEn Ribadeo hai novas que cando aparecen, quen est\u00e1 informado, veas como totalmente l\u00f3xicas debido \u00f3s pasos anteriores dados en pol\u00edtica, econom\u00eda ou por diversos actores sociais. \u00e9 dicir, en certo xeito, deixan de ser novidade para ser obviedade. Pero para a xente que non est\u00e1 informada do tema, son polo contrario novidade que parece xerada da nada, descontextualizada. E polo tanto, atribu\u00edble \u00e1s m\u00e1is diversas causas, manipulizable, &#8230;<br \/>\nEn certo xeito, o blog tenta ser periodismo preventivo.<\/p>\n","protected":false},"excerpt":{"rendered":"<p>Escoitando onte radio nacional atopeime con este termo, que quixera aplicar a Ribadeo: a definici\u00f3n di abondo, pero \u00e9 complicada. Tr\u00e1tase de po\u00f1er as bases, mediante as novas de prensa, para unha comprensi\u00f3n do que se ve abocado a pasar despois. En Ribadeo hai novas que cando aparecen, quen est\u00e1 informado, veas como totalmente l\u00f3xicas [&hellip;]<\/p>\n","protected":false},"author":3,"featured_media":0,"comment_status":"open","ping_status":"closed","sticky":false,"template":"","format":"standard","meta":{"activitypub_content_warning":"","activitypub_content_visibility":"","activitypub_max_image_attachments":3,"activitypub_interaction_policy_quote":"anyone","activitypub_status":"federate","footnotes":""},"categories":[1],"tags":[8],"class_list":["post-8282","post","type-post","status-publish","format-standard","hentry","category-sen-categoria","tag-blog"],"_links":{"self":[{"href":"https:\/\/blogs.amarinha.gal\/ribadeando\/wp-json\/wp\/v2\/posts\/8282","targetHints":{"allow":["GET"]}}],"collection":[{"href":"https:\/\/blogs.amarinha.gal\/ribadeando\/wp-json\/wp\/v2\/posts"}],"about":[{"href":"https:\/\/blogs.amarinha.gal\/ribadeando\/wp-json\/wp\/v2\/types\/post"}],"author":[{"embeddable":true,"href":"https:\/\/blogs.amarinha.gal\/ribadeando\/wp-json\/wp\/v2\/users\/3"}],"replies":[{"embeddable":true,"href":"https:\/\/blogs.amarinha.gal\/ribadeando\/wp-json\/wp\/v2\/comments?post=8282"}],"version-history":[{"count":0,"href":"https:\/\/blogs.amarinha.gal\/ribadeando\/wp-json\/wp\/v2\/posts\/8282\/revisions"}],"wp:attachment":[{"href":"https:\/\/blogs.amarinha.gal\/ribadeando\/wp-json\/wp\/v2\/media?parent=8282"}],"wp:term":[{"taxonomy":"category","embeddable":true,"href":"https:\/\/blogs.amarinha.gal\/ribadeando\/wp-json\/wp\/v2\/categories?post=8282"},{"taxonomy":"post_tag","embeddable":true,"href":"https:\/\/blogs.amarinha.gal\/ribadeando\/wp-json\/wp\/v2\/tags?post=8282"}],"curies":[{"name":"wp","href":"https:\/\/api.w.org\/{rel}","templated":true}]}}