{"id":8277,"date":"2010-08-02T01:02:00","date_gmt":"2010-08-01T23:02:00","guid":{"rendered":""},"modified":"2024-11-12T14:55:24","modified_gmt":"2024-11-12T13:55:24","slug":"50-s-ou-ascensor-habemus","status":"publish","type":"post","link":"https:\/\/blogs.amarinha.gal\/ribadeando\/2010\/08\/02\/50-s-ou-ascensor-habemus\/","title":{"rendered":"50 s ou ascensor habemus"},"content":{"rendered":"<p>Por fin os &#8216;de a p\u00e9&#8217; podemos usar o ascensor da Atalaia. 16 persoas de cabida e 50 s entre entrada e sa\u00edda, distribu\u00eddos de xeito aproximado en 7 de cerre de portas e outro tanto de apertura, co que quedan uns 36 de viaxe propiamente dita; deles, uns 25 son &#8216;con vistas \u00e1 r\u00eda&#8217;, se ben abondo reducidas. \u00e9 dicir, a r\u00eda p\u00f3dese ver durante a metade da viaxe por menos da cuarta parte da superfieice lateral do ascensor. Como estaba previsto, sen ascensorista, pero con non o estaba, sen servizo de turismo nin tenda no baixo.<br \/>\nAs escaleiras adxuntas, practicables, desertas e sen uso, un lugar m\u00e1is para esconderse de miradas. O chan do baixo, a media tarde, xa cocho. Con follas que se colan por entre as barreiras que fan de portas e de adornos, pero non s\u00f3. Por certo, non escoitei nada sobre o servizo de limpeza que ter\u00e1.<br \/>\nAs fotos, abaixo.<br \/>\n<a href=\"http:\/\/ribadeando.blogspot.com\/2010\/03\/o-ascensor-da-atalaia-primeiro.html\">Primeiro retrasado, logo tiroteado<\/a>.<br \/>\n<a href=\"http:\/\/ribadeando.blogspot.com\/2010\/07\/desoberto-o-pastel-do-ascensor.html\">Descoberto o pastel do ascensor<\/a>.<br \/>\n<a href=\"http:\/\/ribadeando.blogspot.com\/2009\/10\/o-ascensor-da-atalaia-onte.html\">O ascensor da Atalaia, onte<\/a>.<br \/>\n<a href=\"http:\/\/ribadeando.blogspot.com\/2009\/03\/derrumbe-da-atalaia.html\">Derrumbe da Atalaia<\/a>.<br \/>\n<a href=\"http:\/\/ribadeando.blogspot.com\/2007\/05\/pagus-ascensor-na-atalaia-de-ribadeo.html\">Ascensor da Atalaia<\/a>.<br \/>\n<a href=\"http:\/\/ribadeando.blogspot.com\/2008\/10\/cogomelos.html\">Cogomelos<\/a>.<br \/>\n<a href=\"http:\/\/ribadeando.blogspot.com\/2009\/05\/natureza-e-home-fotos-e-outras-imaxes.html\">Natureza e home, fotos e outras imaxes<\/a>.<br \/>\n<a href=\"http:\/\/ribadeando.blogspot.com\/2009\/03\/guirilandia.html\">Guirilanda<\/a>.<br \/>\n<a href=\"http:\/\/ribadeando.blogspot.com\/2007\/05\/de-improperios-e-patadas-sonrisos.html\">De improperios a patadas e sorrisos<\/a>.<br \/>\n<a href=\"http:\/\/www.google.es\/search?num=50&amp;hl=gl&amp;client=firefox-a&amp;hs=m8U&amp;rls=com.ubuntu%3Aen-US%3Aunofficial&amp;q=site%3Ahttp%3A%2F%2Fribadeando.blogspot.com+%22ascensor+da+Atalaia%22&amp;btnG=Buscar\">M\u00e1is sobre o ascensor en ribadeando<\/a>.<br \/>\nO ascensor, na prensa hoxe: <a href=\"http:\/\/www.lavozdegalicia.es\/amarina\/2010\/08\/01\/0003_8643171.htm\">Voz<\/a>.<br \/>\n<a onblur=\"try {parent.deselectBloggerImageGracefully();} catch(e) {}\" href=\"https:\/\/blogger.googleusercontent.com\/img\/b\/R29vZ2xl\/AVvXsEh3-7V3Sn6r5ikgYxrDB3Uk1S2DYeCiIa-e993CbMyS5f1oG4h8bQCqt9VNvSNLVReYlrbF37DP9e9N1nqMghyphenhyphenniArKIEMWDyt0HoKeQnJkLiooM-JObWmb65B2KMuLU6TkWB-RpA\/s2048\/ascensor_10.jpg\"><img decoding=\"async\" src=\"https:\/\/blogger.googleusercontent.com\/img\/b\/R29vZ2xl\/AVvXsEh3-7V3Sn6r5ikgYxrDB3Uk1S2DYeCiIa-e993CbMyS5f1oG4h8bQCqt9VNvSNLVReYlrbF37DP9e9N1nqMghyphenhyphenniArKIEMWDyt0HoKeQnJkLiooM-JObWmb65B2KMuLU6TkWB-RpA\/s2048\/ascensor_10.jpg\" alt=\"\" \/><\/a><br \/>\n<a onblur=\"try {parent.deselectBloggerImageGracefully();} catch(e) {}\" href=\"https:\/\/blogger.googleusercontent.com\/img\/b\/R29vZ2xl\/AVvXsEjqRqrAh-UVA3iTwYFx5RjeTJIhliDNmKkWhRAiEvxmkNmheTE7VJOuPHXjK-ea5pL3RafWX6TiDleA8bNrVKBqlYA3AjRolRImhMY1VTT95f4-gEu0p4G8wY1Ou16TgdBpLcUTVg\/s2048\/ascensor+9.jpg\"><img decoding=\"async\" src=\"https:\/\/blogger.googleusercontent.com\/img\/b\/R29vZ2xl\/AVvXsEjqRqrAh-UVA3iTwYFx5RjeTJIhliDNmKkWhRAiEvxmkNmheTE7VJOuPHXjK-ea5pL3RafWX6TiDleA8bNrVKBqlYA3AjRolRImhMY1VTT95f4-gEu0p4G8wY1Ou16TgdBpLcUTVg\/s2048\/ascensor+9.jpg\" alt=\"\" \/><\/a>A primeira imaxe, o portal inferior, o que da \u00e1 Avenida Castelao. D\u00e9ixanse ver na parte soperior esquerda os buracos inferiores do oco do ascensor. O portal deixa paso non s\u00f3 \u00f3 ascensor, sen\u00f3n \u00f3 que ser\u00eda a billeter\u00eda (caso de ser de pago nalg\u00fan momento a viaxe) ou a oficina de informaci\u00f3n (que asemade se pretend\u00eda nalg\u00fan momento). As portas seguen o mesmo estilo do ascensor e do resto de enrexados do conxunto (a excepci\u00f3n do valado para non po\u00f1er cemento para evitar m\u00e1is desprendementos da Atalaia)<br \/>\n<a onblur=\"try {parent.deselectBloggerImageGracefully();} catch(e) {}\" href=\"https:\/\/blogger.googleusercontent.com\/img\/b\/R29vZ2xl\/AVvXsEiNb-dVG1DmYBQsFO2fT33QzjG_9rpaW-cYXlQ5Dlwy_gwIFHevAztKmBMV4ZXUg_-Lv3YAchG2K-PV5DoZC5gg_pInTpc4ptIM2ukIq-WFlSGlBgrthURsg3m3roe-kHYc00HBIw\/s2048\/ascensor+8.jpg\"><img decoding=\"async\" src=\"https:\/\/blogger.googleusercontent.com\/img\/b\/R29vZ2xl\/AVvXsEiNb-dVG1DmYBQsFO2fT33QzjG_9rpaW-cYXlQ5Dlwy_gwIFHevAztKmBMV4ZXUg_-Lv3YAchG2K-PV5DoZC5gg_pInTpc4ptIM2ukIq-WFlSGlBgrthURsg3m3roe-kHYc00HBIw\/s2048\/ascensor+8.jpg\" alt=\"\" \/><\/a>A segunda foto \u00e9 unha vista do lateral norte do ascensor, que da internamente \u00e1s escaleiras, e polo tanto, evita as vistas cara esa zona dende a caixa de transporte, escamoteando a sa\u00edda \u00e1 r\u00eda dende o interior.<br \/>\n<a onblur=\"try {parent.deselectBloggerImageGracefully();} catch(e) {}\" href=\"https:\/\/blogger.googleusercontent.com\/img\/b\/R29vZ2xl\/AVvXsEjEchGN28EiUJe9pkXtOCdZ1ALeploKRX_YhfQ3NoeaXuEasNsQktcgbic7cDXxwCPQTwOxsG0UvL8t6kQfucpMCCoPmAPC9rtELU4Bim7L8GDp3neCOu77vpEAkioWvh7ehzVu9A\/s2048\/ascensor+7.jpg\"><img decoding=\"async\" src=\"https:\/\/blogger.googleusercontent.com\/img\/b\/R29vZ2xl\/AVvXsEjEchGN28EiUJe9pkXtOCdZ1ALeploKRX_YhfQ3NoeaXuEasNsQktcgbic7cDXxwCPQTwOxsG0UvL8t6kQfucpMCCoPmAPC9rtELU4Bim7L8GDp3neCOu77vpEAkioWvh7ehzVu9A\/s2048\/ascensor+7.jpg\" alt=\"\" \/><\/a>Ve\u00f1en despois unha vista das escaleiras alternativas \u00f3 ascensor pola parte de dentro; corresponde \u00f3 tramo m\u00e1is baixo, sen nada especial que rese\u00f1ar.<br \/>\n<a onblur=\"try {parent.deselectBloggerImageGracefully();} catch(e) {}\" href=\"https:\/\/blogger.googleusercontent.com\/img\/b\/R29vZ2xl\/AVvXsEibQMIQ-1jnjb0McqN3UQhb_1t1Qg6PAu7Oeg41R1PykLf8DE5cPM6GLzCSjfAAkABGUktAVXUyRKzhJTNQkM32Wd_BpvQ2kA-4GDF57WYOarw2vkUt3ur9EK22GuWZKceKHlEplQ\/s2048\/ascensor+6.jpg\"><img decoding=\"async\" src=\"https:\/\/blogger.googleusercontent.com\/img\/b\/R29vZ2xl\/AVvXsEibQMIQ-1jnjb0McqN3UQhb_1t1Qg6PAu7Oeg41R1PykLf8DE5cPM6GLzCSjfAAkABGUktAVXUyRKzhJTNQkM32Wd_BpvQ2kA-4GDF57WYOarw2vkUt3ur9EK22GuWZKceKHlEplQ\/s2048\/ascensor+6.jpg\" alt=\"\" \/><\/a>Logo, unha vista da parte das escaleiras co valado visto dende a parte interna asemade. Aqu\u00ed \u00e9 onde se ven os restos que xa hai no chan o primiero d\u00eda de uso.<br \/>\n<a onblur=\"try {parent.deselectBloggerImageGracefully();} catch(e) {}\" href=\"https:\/\/blogger.googleusercontent.com\/img\/b\/R29vZ2xl\/AVvXsEigYeBqwJg_nlwPVC0QOcIDj0XcGAHdJZOb0Cf3k6MCnCS6VS0_K11Vdx34e3K2AWMRSG1oEi-3VrU0oenEEN4zJJbm_lBIzhDg5IgQYH1mSrfOb90Gt-jE2gmFGVm1XqrZBxHQbw\/s2048\/ascensor+5.jpg\"><img decoding=\"async\" src=\"https:\/\/blogger.googleusercontent.com\/img\/b\/R29vZ2xl\/AVvXsEigYeBqwJg_nlwPVC0QOcIDj0XcGAHdJZOb0Cf3k6MCnCS6VS0_K11Vdx34e3K2AWMRSG1oEi-3VrU0oenEEN4zJJbm_lBIzhDg5IgQYH1mSrfOb90Gt-jE2gmFGVm1XqrZBxHQbw\/s2048\/ascensor+5.jpg\" alt=\"\" \/><\/a>D\u00faas imaxes subindo no ascensor, as d\u00faas m\u00e1is altas, podendo desfrutar a plena vista pola amplitude do oco s\u00f3 da m\u00e1is alta de todas, enfocada cara \u00f3 sur.<br \/>\n<a onblur=\"try {parent.deselectBloggerImageGracefully();} catch(e) {}\" href=\"https:\/\/blogger.googleusercontent.com\/img\/b\/R29vZ2xl\/AVvXsEjKk5ibBFZLsTGyjJn9Rt15D7D3hBddML2EjeEmvaiCHc46TzfBvsqB8byH4V9mVzUv8qkxnEGTqPaOPOEcnh1-uoF7cEcgLeWZIQ4R_xy3cRlYATA0WX4iLU3pF4wj9w8kP-jlsg\/s2048\/ascensor+4.jpg\"><img decoding=\"async\" src=\"https:\/\/blogger.googleusercontent.com\/img\/b\/R29vZ2xl\/AVvXsEjKk5ibBFZLsTGyjJn9Rt15D7D3hBddML2EjeEmvaiCHc46TzfBvsqB8byH4V9mVzUv8qkxnEGTqPaOPOEcnh1-uoF7cEcgLeWZIQ4R_xy3cRlYATA0WX4iLU3pF4wj9w8kP-jlsg\/s2048\/ascensor+4.jpg\" alt=\"\" \/><\/a>As seguintes son dos ocos da plataforma superior, que serven de fiestras socorridas para paliar a atalaia que representa(ba) o mirador da Atalaia. Este caso representa a \u00fanica parte da estrutura que enfoca \u00f3 norte.<br \/>\n<a onblur=\"try {parent.deselectBloggerImageGracefully();} catch(e) {}\" href=\"https:\/\/blogger.googleusercontent.com\/img\/b\/R29vZ2xl\/AVvXsEjmrdER17ZWzUg91EOBW54t5NdVSSk_M0IA1GxOQGlA1P5KD1Vg4dn4IMtUdZzpptNhSgT_MYttGMEwMqifbqAROT4GONSmzD87d4tlhATuda0RDBFofFVH8-5SGx1YsxEBBS-yRA\/s2048\/ascensor+3.jpg\"><img decoding=\"async\" src=\"https:\/\/blogger.googleusercontent.com\/img\/b\/R29vZ2xl\/AVvXsEjmrdER17ZWzUg91EOBW54t5NdVSSk_M0IA1GxOQGlA1P5KD1Vg4dn4IMtUdZzpptNhSgT_MYttGMEwMqifbqAROT4GONSmzD87d4tlhATuda0RDBFofFVH8-5SGx1YsxEBBS-yRA\/s2048\/ascensor+3.jpg\" alt=\"\" \/><\/a>As d\u00faas \u00faltimas vistas son do conxsunto do caix\u00f3n superior da estrutura, dende dentro e dende a parte superior do (antigo) mirador da Atalaia.<br \/>\n<a onblur=\"try {parent.deselectBloggerImageGracefully();} catch(e) {}\" href=\"https:\/\/blogger.googleusercontent.com\/img\/b\/R29vZ2xl\/AVvXsEjUXLmEkwlyP5M3xH6xpahSsF6GoJap5tWN9wxSyMviwXq2NbPZAqdwA-qr5xRzP0-kc-ODR2jq32qhau47EkBrrfTzZWO90XCxWUGE0MiU4cZaDn36zBpIgpczwcALmd4bPExFJw\/s2048\/ascensor+2.jpg\"><img decoding=\"async\" src=\"https:\/\/blogger.googleusercontent.com\/img\/b\/R29vZ2xl\/AVvXsEjUXLmEkwlyP5M3xH6xpahSsF6GoJap5tWN9wxSyMviwXq2NbPZAqdwA-qr5xRzP0-kc-ODR2jq32qhau47EkBrrfTzZWO90XCxWUGE0MiU4cZaDn36zBpIgpczwcALmd4bPExFJw\/s2048\/ascensor+2.jpg\" alt=\"\" \/><\/a><br \/>\n<a onblur=\"try {parent.deselectBloggerImageGracefully();} catch(e) {}\" href=\"https:\/\/blogger.googleusercontent.com\/img\/b\/R29vZ2xl\/AVvXsEgxZPdfcoS7s7EWf6f5WAqD_fOLejP_vR_A9SavXd8BHn7_gMOsSAS7l7iLk_EBp8aXT4PtkwCp4FDFEWlE644noWp0FEchqAaTibaV0pYyELMxGQH1eFeeuuwL3XFm3XI37h9Cug\/s2048\/ascensor+1.jpg\"><img decoding=\"async\" src=\"https:\/\/blogger.googleusercontent.com\/img\/b\/R29vZ2xl\/AVvXsEgxZPdfcoS7s7EWf6f5WAqD_fOLejP_vR_A9SavXd8BHn7_gMOsSAS7l7iLk_EBp8aXT4PtkwCp4FDFEWlE644noWp0FEchqAaTibaV0pYyELMxGQH1eFeeuuwL3XFm3XI37h9Cug\/s2048\/ascensor+1.jpg\" alt=\"\" \/><\/a><\/p>\n","protected":false},"excerpt":{"rendered":"<p>Por fin os &#8216;de a p\u00e9&#8217; podemos usar o ascensor da Atalaia. 16 persoas de cabida e 50 s entre entrada e sa\u00edda, distribu\u00eddos de xeito aproximado en 7 de cerre de portas e outro tanto de apertura, co que quedan uns 36 de viaxe propiamente dita; deles, uns 25 son &#8216;con vistas \u00e1 r\u00eda&#8217;, [&hellip;]<\/p>\n","protected":false},"author":3,"featured_media":0,"comment_status":"open","ping_status":"closed","sticky":false,"template":"","format":"standard","meta":{"activitypub_content_warning":"","activitypub_content_visibility":"","activitypub_max_image_attachments":3,"activitypub_interaction_policy_quote":"anyone","activitypub_status":"federate","footnotes":""},"categories":[1],"tags":[9],"class_list":["post-8277","post","type-post","status-publish","format-standard","hentry","category-sen-categoria","tag-sociedade"],"_links":{"self":[{"href":"https:\/\/blogs.amarinha.gal\/ribadeando\/wp-json\/wp\/v2\/posts\/8277","targetHints":{"allow":["GET"]}}],"collection":[{"href":"https:\/\/blogs.amarinha.gal\/ribadeando\/wp-json\/wp\/v2\/posts"}],"about":[{"href":"https:\/\/blogs.amarinha.gal\/ribadeando\/wp-json\/wp\/v2\/types\/post"}],"author":[{"embeddable":true,"href":"https:\/\/blogs.amarinha.gal\/ribadeando\/wp-json\/wp\/v2\/users\/3"}],"replies":[{"embeddable":true,"href":"https:\/\/blogs.amarinha.gal\/ribadeando\/wp-json\/wp\/v2\/comments?post=8277"}],"version-history":[{"count":0,"href":"https:\/\/blogs.amarinha.gal\/ribadeando\/wp-json\/wp\/v2\/posts\/8277\/revisions"}],"wp:attachment":[{"href":"https:\/\/blogs.amarinha.gal\/ribadeando\/wp-json\/wp\/v2\/media?parent=8277"}],"wp:term":[{"taxonomy":"category","embeddable":true,"href":"https:\/\/blogs.amarinha.gal\/ribadeando\/wp-json\/wp\/v2\/categories?post=8277"},{"taxonomy":"post_tag","embeddable":true,"href":"https:\/\/blogs.amarinha.gal\/ribadeando\/wp-json\/wp\/v2\/tags?post=8277"}],"curies":[{"name":"wp","href":"https:\/\/api.w.org\/{rel}","templated":true}]}}