{"id":8276,"date":"2010-08-03T08:20:00","date_gmt":"2010-08-03T06:20:00","guid":{"rendered":""},"modified":"2024-11-12T14:55:23","modified_gmt":"2024-11-12T13:55:23","slug":"nota-de-prensa-sobre-mes-de-asociacions","status":"publish","type":"post","link":"https:\/\/blogs.amarinha.gal\/ribadeando\/2010\/08\/03\/nota-de-prensa-sobre-mes-de-asociacions\/","title":{"rendered":"Nota de prensa sobre a mesa de asociaci\u00f3ns 20100703"},"content":{"rendered":"<p>Recollo o publicado en <a href=\"http:\/\/o-teson.blogspot.com\/2010\/08\/nota-de-prensa-mesa-de-asociacions.html\">http:\/\/o-teson.blogspot.com\/2010\/08\/nota-de-prensa-mesa-de-asociacions.html<\/a>:<br \/>\nNota de prensa<br \/>\nXuntanza da Mesa de Asociaci\u00f3ns xullo 2010<\/p>\n<p>Como estaba previsto dende xaneiro, o primeiro fin de semanda do pasado mes de xullo tivo lugar a xuntanza da Mesa de asociaci\u00f3ns do concello de Ribadeo. A xuntanza foi convocada, a modo de lembranza, pola AVV O Tes\u00f3n, sendo chamadas as AVV de veci\u00f1os as\u00ed como algunha asociaci\u00f3n m\u00e1is de tipo social.<br \/>\nAsistiron asociaci\u00f3ns de Remourelle, As Anzas, Vilaosende e Vilela, a parte da xa citada.<br \/>\nForon tratados diversos puntos, a partires dunha orde do d\u00eda aberta. En primeiro lugar, tratouse sobre o hospital da costa e zona sanitaria, sendo comentado o estado actual da cuesti\u00f3n, os argumentos de cada parte e temas relacionados coa manifestaci\u00f3n.<br \/>\nPasouse despois \u00e1s reparaci\u00f3ns polo temporal, onde se comentou a concesi\u00f3n de 4,8 M\u20ac en concepto de reparaci\u00f3ns para 14 concellos, mentras qaue por outra parte, s\u00f3 as perdas xerais en Ribadeo est\u00e1n cifradas 0,8 M\u20ac. Xurdiu a oferta de que, para poder facer m\u00e1is rendibles os cartos, as asociaci\u00f3ns poden facer obras contando con voluntarios.<br \/>\nPasouse logo \u00f3 estatuto de participaci\u00f3n cidad\u00e1 e relaci\u00f3ns co concello. Comentouse que na pr\u00f3xima xuntanza co alcalde, se a hai, deb\u00e9rase levantar acta dun xeito oficial, que poder\u00eda ser feita por algunha persoa do concello, como o axente de sostibilidade, despois de ter falado a conveniencia da s\u00faa asistencia a algunha xuntanza, plantearse o ser invitado e no seu caso, aceptar. A destacar que, segundo se quedou na xuntanza de xaneiro, debera ser o alcalde quen convocara e asistir a xuntanza. Despois de pasar o tempo convido, foi avisado e mesmo esta nota de prensa foi retrasada \u00e1 espera dunha convocatoria que non chegou polo momento.<br \/>\nDentro das relaci\u00f3ns co concello e a participaci\u00f3n cidad\u00e1, lembrouse a posibilidade de aproveitamento das reducidas canles actuais, por exemplo a posibilidade de facer preguntas \u00f3 pleno.<br \/>\nDado que foi presentado xa hai dous anos por parte da mesa de asocici\u00f3ns a proposta de O Tes\u00f3n un borrador de estatuto de participaci\u00f3n cidad\u00e1, e sen ser contestada, foi presentado un borrador por parte do concello na xuntanza pasada, qu\u00e9dase o venres 10 de setembro, \u00e1s 19h, no mesmo lugar, para facer unha xuntanza monogr\u00e1fica e a partir dela, dar unha resposta com\u00fan \u00f3 concello sobre o regulamento de participaci\u00f3n cidad\u00e1.<br \/>\nRematouse con temas varios. As\u00ed, comentouse que o acordo cos madeiristas para o mantemento das pistas est\u00e1 sen asinar, a\u00ednda que parece que se lle est\u00e1 a esixir fianza sen desenvoltar m\u00e1is regulaci\u00f3n que a que hai a nivel supramunicipal. Asemade, tam\u00e9n se reiterou a oferta de limpeza de r\u00edos por parte das asociaci\u00f3ns do rural, e trat\u00e1ronse os temas das obras da estrada de circunvalaci\u00f3n e as s\u00faas deficiencias actuais, e o as que est\u00e1n por comezar do paseo das Ace\u00f1as.<br \/>\nA xuntanza durou d\u00faas horas e media.<\/p>\n","protected":false},"excerpt":{"rendered":"<p>Recollo o publicado en http:\/\/o-teson.blogspot.com\/2010\/08\/nota-de-prensa-mesa-de-asociacions.html: Nota de prensa Xuntanza da Mesa de Asociaci\u00f3ns xullo 2010 Como estaba previsto dende xaneiro, o primeiro fin de semanda do pasado mes de xullo tivo lugar a xuntanza da Mesa de asociaci\u00f3ns do concello de Ribadeo. A xuntanza foi convocada, a modo de lembranza, pola AVV O Tes\u00f3n, sendo [&hellip;]<\/p>\n","protected":false},"author":3,"featured_media":0,"comment_status":"open","ping_status":"closed","sticky":false,"template":"","format":"standard","meta":{"activitypub_content_warning":"","activitypub_content_visibility":"","activitypub_max_image_attachments":3,"activitypub_interaction_policy_quote":"anyone","activitypub_status":"federate","footnotes":""},"categories":[1],"tags":[74,9],"class_list":["post-8276","post","type-post","status-publish","format-standard","hentry","category-sen-categoria","tag-o-teson","tag-sociedade"],"_links":{"self":[{"href":"https:\/\/blogs.amarinha.gal\/ribadeando\/wp-json\/wp\/v2\/posts\/8276","targetHints":{"allow":["GET"]}}],"collection":[{"href":"https:\/\/blogs.amarinha.gal\/ribadeando\/wp-json\/wp\/v2\/posts"}],"about":[{"href":"https:\/\/blogs.amarinha.gal\/ribadeando\/wp-json\/wp\/v2\/types\/post"}],"author":[{"embeddable":true,"href":"https:\/\/blogs.amarinha.gal\/ribadeando\/wp-json\/wp\/v2\/users\/3"}],"replies":[{"embeddable":true,"href":"https:\/\/blogs.amarinha.gal\/ribadeando\/wp-json\/wp\/v2\/comments?post=8276"}],"version-history":[{"count":0,"href":"https:\/\/blogs.amarinha.gal\/ribadeando\/wp-json\/wp\/v2\/posts\/8276\/revisions"}],"wp:attachment":[{"href":"https:\/\/blogs.amarinha.gal\/ribadeando\/wp-json\/wp\/v2\/media?parent=8276"}],"wp:term":[{"taxonomy":"category","embeddable":true,"href":"https:\/\/blogs.amarinha.gal\/ribadeando\/wp-json\/wp\/v2\/categories?post=8276"},{"taxonomy":"post_tag","embeddable":true,"href":"https:\/\/blogs.amarinha.gal\/ribadeando\/wp-json\/wp\/v2\/tags?post=8276"}],"curies":[{"name":"wp","href":"https:\/\/api.w.org\/{rel}","templated":true}]}}