{"id":8263,"date":"2010-08-16T21:36:00","date_gmt":"2010-08-16T19:36:00","guid":{"rendered":""},"modified":"2024-11-12T14:55:06","modified_gmt":"2024-11-12T13:55:06","slug":"xullagosto","status":"publish","type":"post","link":"https:\/\/blogs.amarinha.gal\/ribadeando\/2010\/08\/16\/xullagosto\/","title":{"rendered":"Xullagosto"},"content":{"rendered":"<p>En Ribadeo, m\u00e1is que falar do ver\u00e1n haber\u00eda que falar do xullagosto: unha \u00e9poca que comeza con xullo e ext\u00e9ndese algo m\u00e1is al\u00f3 do fin de agosto, abranguendo en certo xeito todo o que duren as festas patroais.<br \/>\n<a onblur=\"try {parent.deselectBloggerImageGracefully();} catch(e) {}\" href=\"https:\/\/blogger.googleusercontent.com\/img\/b\/R29vZ2xl\/AVvXsEiD7Xv1ZrMV5mU9OOBE1301rD77ha85KoiZwbjp1WfeLOVzWEHbe3ufS1n-HzvmqSRokhNly4zgmTNMft1gHcMZuWBdIARSMkm4_EKJA4fwqiHgJnb8F6ORVjUK3tqCGdMUnkrdwA\/s2048\/Presentacion+libro+Cocos+invitacion_.jpeg\"><img decoding=\"async\" src=\"https:\/\/blogger.googleusercontent.com\/img\/b\/R29vZ2xl\/AVvXsEiD7Xv1ZrMV5mU9OOBE1301rD77ha85KoiZwbjp1WfeLOVzWEHbe3ufS1n-HzvmqSRokhNly4zgmTNMft1gHcMZuWBdIARSMkm4_EKJA4fwqiHgJnb8F6ORVjUK3tqCGdMUnkrdwA\/s2048\/Presentacion+libro+Cocos+invitacion_.jpeg\" alt=\"\" \/><\/a><br \/>\nAs\u00ed, hoxe, 16 de agosto, marcar\u00eda un difuso comezo do \u00faltimo cuarto extendido do xullagosto ribadense. Aquel que marca, en canto chegue a primeira choiva, o fin do sol de praia, e que se caracteriza pola progresiva perda de visitantes ata rematar co fluxo de xente normal no outono, o &#8216;curso ribadense&#8217;.<br \/>\n<a onblur=\"try {parent.deselectBloggerImageGracefully();} catch(e) {}\" href=\"https:\/\/blogger.googleusercontent.com\/img\/b\/R29vZ2xl\/AVvXsEiCIimIVqSpQ4lwy6YyYvpCq_Pq2NKWa8e7RpqG_hyphenhyphenft1_N2BUSkpIWhJol-NBQ0ytuHv62bhjGw9ntYdiw8pm9KG7ABFuFfHdcUL5ahn-bTgEGV1Wq8QNM9KJttk0FC7nb-yqD_Q\/s2048\/San+Roque+2010_.jpeg\"><img decoding=\"async\" src=\"https:\/\/blogger.googleusercontent.com\/img\/b\/R29vZ2xl\/AVvXsEiCIimIVqSpQ4lwy6YyYvpCq_Pq2NKWa8e7RpqG_hyphenhyphenft1_N2BUSkpIWhJol-NBQ0ytuHv62bhjGw9ntYdiw8pm9KG7ABFuFfHdcUL5ahn-bTgEGV1Wq8QNM9KJttk0FC7nb-yqD_Q\/s2048\/San+Roque+2010_.jpeg\" alt=\"\" \/><\/a>Esta data ven marcada polo San Roque, o copatr\u00f3n, anunciado por Cocos e gaiteiros, musicado pola BMR, &#8230; e este ano, cun acto especial: a presentaci\u00f3n do libro &#8216;Os cocos de Ribadeo&#8217;.<br \/>\nPola noite, \u00f3 son da orquestra incorp\u00f3rase en punto distante e protexido o<a href=\"http:\/\/www.fimcr.com\"> Festival de M\u00fasica Cl\u00e1sica<\/a>, internacional e xa prestixiado.<br \/>\n<a onblur=\"try {parent.deselectBloggerImageGracefully();} catch(e) {}\" href=\"https:\/\/blogger.googleusercontent.com\/img\/b\/R29vZ2xl\/AVvXsEgzMSip4_1Cyd3WPSvEU15cteEAaJDd4QuDG-mNtaE2hEF70ZFu2biKWIejP4GGywPxiCXo2fp3SFrOJGz336-JQzhSZzIFh5dTJzf134nd-omDieCm5M-cqXIwsy-KNJzikLvRXg\/s2048\/fimcr+2010_.jpeg\"><img decoding=\"async\" src=\"https:\/\/blogger.googleusercontent.com\/img\/b\/R29vZ2xl\/AVvXsEgzMSip4_1Cyd3WPSvEU15cteEAaJDd4QuDG-mNtaE2hEF70ZFu2biKWIejP4GGywPxiCXo2fp3SFrOJGz336-JQzhSZzIFh5dTJzf134nd-omDieCm5M-cqXIwsy-KNJzikLvRXg\/s2048\/fimcr+2010_.jpeg\" alt=\"\" \/><\/a><\/p>\n","protected":false},"excerpt":{"rendered":"<p>En Ribadeo, m\u00e1is que falar do ver\u00e1n haber\u00eda que falar do xullagosto: unha \u00e9poca que comeza con xullo e ext\u00e9ndese algo m\u00e1is al\u00f3 do fin de agosto, abranguendo en certo xeito todo o que duren as festas patroais. As\u00ed, hoxe, 16 de agosto, marcar\u00eda un difuso comezo do \u00faltimo cuarto extendido do xullagosto ribadense. Aquel [&hellip;]<\/p>\n","protected":false},"author":3,"featured_media":0,"comment_status":"open","ping_status":"closed","sticky":false,"template":"","format":"standard","meta":{"activitypub_content_warning":"","activitypub_content_visibility":"","activitypub_max_image_attachments":3,"activitypub_interaction_policy_quote":"anyone","activitypub_status":"federate","footnotes":""},"categories":[1],"tags":[10,9],"class_list":["post-8263","post","type-post","status-publish","format-standard","hentry","category-sen-categoria","tag-cultura","tag-sociedade"],"_links":{"self":[{"href":"https:\/\/blogs.amarinha.gal\/ribadeando\/wp-json\/wp\/v2\/posts\/8263","targetHints":{"allow":["GET"]}}],"collection":[{"href":"https:\/\/blogs.amarinha.gal\/ribadeando\/wp-json\/wp\/v2\/posts"}],"about":[{"href":"https:\/\/blogs.amarinha.gal\/ribadeando\/wp-json\/wp\/v2\/types\/post"}],"author":[{"embeddable":true,"href":"https:\/\/blogs.amarinha.gal\/ribadeando\/wp-json\/wp\/v2\/users\/3"}],"replies":[{"embeddable":true,"href":"https:\/\/blogs.amarinha.gal\/ribadeando\/wp-json\/wp\/v2\/comments?post=8263"}],"version-history":[{"count":0,"href":"https:\/\/blogs.amarinha.gal\/ribadeando\/wp-json\/wp\/v2\/posts\/8263\/revisions"}],"wp:attachment":[{"href":"https:\/\/blogs.amarinha.gal\/ribadeando\/wp-json\/wp\/v2\/media?parent=8263"}],"wp:term":[{"taxonomy":"category","embeddable":true,"href":"https:\/\/blogs.amarinha.gal\/ribadeando\/wp-json\/wp\/v2\/categories?post=8263"},{"taxonomy":"post_tag","embeddable":true,"href":"https:\/\/blogs.amarinha.gal\/ribadeando\/wp-json\/wp\/v2\/tags?post=8263"}],"curies":[{"name":"wp","href":"https:\/\/api.w.org\/{rel}","templated":true}]}}