{"id":8252,"date":"2010-08-27T17:33:00","date_gmt":"2010-08-27T15:33:00","guid":{"rendered":""},"modified":"2024-11-12T14:54:43","modified_gmt":"2024-11-12T13:54:43","slug":"preparando-os-programas-electorais","status":"publish","type":"post","link":"https:\/\/blogs.amarinha.gal\/ribadeando\/2010\/08\/27\/preparando-os-programas-electorais\/","title":{"rendered":"Preparando os programas electorais"},"content":{"rendered":"<p><a onblur=\"try {parent.deselectBloggerImageGracefully();} catch(e) {}\" href=\"https:\/\/blogger.googleusercontent.com\/img\/b\/R29vZ2xl\/AVvXsEgymQIRnxxe7jStGKaKc7Pxw4etKUIrFK6_EdLoAFWmEpKBSJzRw5bSDAta6iSWSWKH2h9Eudlbyf0GBZOLRErbATC2mRHFxf1AXdST0B4PrVrELBi-FX4YUyGCsqWj5I-GIFaxZw\/s2048\/enseada+Vila+vella.jpg\"><img decoding=\"async\" src=\"https:\/\/blogger.googleusercontent.com\/img\/b\/R29vZ2xl\/AVvXsEgymQIRnxxe7jStGKaKc7Pxw4etKUIrFK6_EdLoAFWmEpKBSJzRw5bSDAta6iSWSWKH2h9Eudlbyf0GBZOLRErbATC2mRHFxf1AXdST0B4PrVrELBi-FX4YUyGCsqWj5I-GIFaxZw\/s2048\/enseada+Vila+vella.jpg\" alt=\"\" \/><\/a><br \/>\nRemata o ver\u00e1n e co inicio do &#8216;curso pol\u00edtico&#8217; esp\u00e9ranse movemento diversos, a comezar por completar as candidaturas dos diferentes partidos e propor os programas para presentarse \u00e1s elecci\u00f3ns. As\u00ed, chegados a este punto, conv\u00e9n repasar algunhas das propostas anteriores, o seu fundamento, os seus resultados, etc. O motivo, o xulgar se as novas presentaci\u00f3ns se fan pensando na s\u00faa realizaci\u00f3n, pensando s\u00f3 nos votos, con fundamento ou sen el, na procura de anular propostas doutros partidos, etc.<br \/>\nA primeira que me veu \u00e1 cabeza estes d\u00edas foi a proposta dun grupo para as pasadas municipais. A cousa era facer un segundo grupo de pantal\u00e1ns (un segundo clube n\u00e1utico) na enseada da Vila vella. Despois das elecci\u00f3ns, e ata o momento, non voltei a escoitar nada do tema, nin unha proposta, nin falar del no pleno, nin un estudo, &#8230; nada. Coido que, despois da foto que deixo arriba, est\u00e1 crara unha das raz\u00f3ns que impedir\u00eda a s\u00faa credibilidade en momentos non electorais: o calado. Craro que hai m\u00e1is: est\u00e1 nunha zona protexida. Ou tam\u00e9n: dende aquela, houbo un aumento substancial de atraques no clube n\u00e1utico ribadense, invalidando alomenos en parte a s\u00faa necesidade. Si, \u00e9 certo que tam\u00e9n na outra beira da r\u00eda houbo aumento de atraques, pero coido que se trata de aproveitar mellor os recursos, non de competir &#8216;porque si&#8217; e contra outra xente por uns atraques. O caso \u00e9 que serviu como un tema m\u00e1is de proposta electoral. E que polo que parece, ningu\u00e9n se voltou a lembrar del, co que saiu gratis a proposta. Como noutros moitos casos.<br \/>\n<a onblur=\"try {parent.deselectBloggerImageGracefully();} catch(e) {}\" href=\"https:\/\/blogger.googleusercontent.com\/img\/b\/R29vZ2xl\/AVvXsEiw8O2aqSj24ywt2g2iFTt79cYVHhyIsx4weHtSoplboioFT858MnO-J_PBVx_MvWA14ZUhKkgThyoCi6q3ztpluTzaZYDMS2URvbEYR5ystevlvkX9W1mNHZ6XkvVB9IQWgaU-yA\/s2048\/escollera+escorada.jpg\"><img decoding=\"async\" src=\"https:\/\/blogger.googleusercontent.com\/img\/b\/R29vZ2xl\/AVvXsEiw8O2aqSj24ywt2g2iFTt79cYVHhyIsx4weHtSoplboioFT858MnO-J_PBVx_MvWA14ZUhKkgThyoCi6q3ztpluTzaZYDMS2URvbEYR5ystevlvkX9W1mNHZ6XkvVB9IQWgaU-yA\/s2048\/escollera+escorada.jpg\" alt=\"\" \/><\/a>En fin, deixo tam\u00e9n unha foto do espol\u00f3n dos bloques, vici\u00f1o do suposto conxunto futuro de atraques da Vila vella. Est\u00e1 escorado \u00e1 dereita? Ou \u00e9 \u00e1 esquerda? Segundo como se mire&#8230;  O certo \u00e9 que est\u00e1 escorado, que lle fallan as bases. E que cada vez est\u00e1 peor, ata que se lle po\u00f1a remedio.<\/p>\n","protected":false},"excerpt":{"rendered":"<p>Remata o ver\u00e1n e co inicio do &#8216;curso pol\u00edtico&#8217; esp\u00e9ranse movemento diversos, a comezar por completar as candidaturas dos diferentes partidos e propor os programas para presentarse \u00e1s elecci\u00f3ns. As\u00ed, chegados a este punto, conv\u00e9n repasar algunhas das propostas anteriores, o seu fundamento, os seus resultados, etc. O motivo, o xulgar se as novas presentaci\u00f3ns [&hellip;]<\/p>\n","protected":false},"author":3,"featured_media":0,"comment_status":"open","ping_status":"closed","sticky":false,"template":"","format":"standard","meta":{"activitypub_content_warning":"","activitypub_content_visibility":"","activitypub_max_image_attachments":3,"activitypub_interaction_policy_quote":"anyone","activitypub_status":"federated","footnotes":""},"categories":[1],"tags":[13],"class_list":["post-8252","post","type-post","status-publish","format-standard","hentry","category-sen-categoria","tag-politica"],"_links":{"self":[{"href":"https:\/\/blogs.amarinha.gal\/ribadeando\/wp-json\/wp\/v2\/posts\/8252","targetHints":{"allow":["GET"]}}],"collection":[{"href":"https:\/\/blogs.amarinha.gal\/ribadeando\/wp-json\/wp\/v2\/posts"}],"about":[{"href":"https:\/\/blogs.amarinha.gal\/ribadeando\/wp-json\/wp\/v2\/types\/post"}],"author":[{"embeddable":true,"href":"https:\/\/blogs.amarinha.gal\/ribadeando\/wp-json\/wp\/v2\/users\/3"}],"replies":[{"embeddable":true,"href":"https:\/\/blogs.amarinha.gal\/ribadeando\/wp-json\/wp\/v2\/comments?post=8252"}],"version-history":[{"count":0,"href":"https:\/\/blogs.amarinha.gal\/ribadeando\/wp-json\/wp\/v2\/posts\/8252\/revisions"}],"wp:attachment":[{"href":"https:\/\/blogs.amarinha.gal\/ribadeando\/wp-json\/wp\/v2\/media?parent=8252"}],"wp:term":[{"taxonomy":"category","embeddable":true,"href":"https:\/\/blogs.amarinha.gal\/ribadeando\/wp-json\/wp\/v2\/categories?post=8252"},{"taxonomy":"post_tag","embeddable":true,"href":"https:\/\/blogs.amarinha.gal\/ribadeando\/wp-json\/wp\/v2\/tags?post=8252"}],"curies":[{"name":"wp","href":"https:\/\/api.w.org\/{rel}","templated":true}]}}