{"id":8251,"date":"2010-08-29T11:20:00","date_gmt":"2010-08-29T09:20:00","guid":{"rendered":""},"modified":"2024-11-12T14:54:42","modified_gmt":"2024-11-12T13:54:42","slug":"ribadeo-era-unha-feira","status":"publish","type":"post","link":"https:\/\/blogs.amarinha.gal\/ribadeando\/2010\/08\/29\/ribadeo-era-unha-feira\/","title":{"rendered":"Ribadeo era unha feira"},"content":{"rendered":"<p>Antes de pasar a &#8216;Ribadeo era unha festa&#8217;, a 11 d\u00edas da patroa, e co parque xa ocupado dende hai d\u00edas por algunhas atracci\u00f3ns festeiras madrugadoras, obs\u00e9rvase polas r\u00faas do pobo aunha pequena diferencia con outros fins de semana: a feira de stocks. \u00c9 un dos xeitos do comercio de Ribadeo de innovar na venda, o facer unha &#8216;feira de stocks delocalizada&#8217;, diante de cada comercio, levando \u00e1 r\u00faa os obxectos de &#8216;inventario descatalogado&#8217;. O obxecto, vender m\u00e1is, e o medio, dar m\u00e1is visibilidade \u00f3s produtos, tanto por estar colocados na r\u00faa, \u00e1 antiga usanza ou a modo de feira, como pola propaganda de realizar unha acci\u00f3n m\u00e1is que \u00e9 publicitada por ser feita en conxunto. Significa iso que vai a sa\u00edr m\u00e1is barata a compra? Supo\u00f1o que haber\u00e1 de todo, se ben a modo de &#8216;\u00faltimas rebaixas&#8217;, os prezos ser\u00edan semellantes con ou sen feira.<\/p>\n","protected":false},"excerpt":{"rendered":"<p>Antes de pasar a &#8216;Ribadeo era unha festa&#8217;, a 11 d\u00edas da patroa, e co parque xa ocupado dende hai d\u00edas por algunhas atracci\u00f3ns festeiras madrugadoras, obs\u00e9rvase polas r\u00faas do pobo aunha pequena diferencia con outros fins de semana: a feira de stocks. \u00c9 un dos xeitos do comercio de Ribadeo de innovar na venda, [&hellip;]<\/p>\n","protected":false},"author":3,"featured_media":0,"comment_status":"open","ping_status":"closed","sticky":false,"template":"","format":"standard","meta":{"activitypub_content_warning":"","activitypub_content_visibility":"","activitypub_max_image_attachments":3,"activitypub_interaction_policy_quote":"anyone","activitypub_status":"federated","footnotes":""},"categories":[1],"tags":[21,9],"class_list":["post-8251","post","type-post","status-publish","format-standard","hentry","category-sen-categoria","tag-economia","tag-sociedade"],"_links":{"self":[{"href":"https:\/\/blogs.amarinha.gal\/ribadeando\/wp-json\/wp\/v2\/posts\/8251","targetHints":{"allow":["GET"]}}],"collection":[{"href":"https:\/\/blogs.amarinha.gal\/ribadeando\/wp-json\/wp\/v2\/posts"}],"about":[{"href":"https:\/\/blogs.amarinha.gal\/ribadeando\/wp-json\/wp\/v2\/types\/post"}],"author":[{"embeddable":true,"href":"https:\/\/blogs.amarinha.gal\/ribadeando\/wp-json\/wp\/v2\/users\/3"}],"replies":[{"embeddable":true,"href":"https:\/\/blogs.amarinha.gal\/ribadeando\/wp-json\/wp\/v2\/comments?post=8251"}],"version-history":[{"count":0,"href":"https:\/\/blogs.amarinha.gal\/ribadeando\/wp-json\/wp\/v2\/posts\/8251\/revisions"}],"wp:attachment":[{"href":"https:\/\/blogs.amarinha.gal\/ribadeando\/wp-json\/wp\/v2\/media?parent=8251"}],"wp:term":[{"taxonomy":"category","embeddable":true,"href":"https:\/\/blogs.amarinha.gal\/ribadeando\/wp-json\/wp\/v2\/categories?post=8251"},{"taxonomy":"post_tag","embeddable":true,"href":"https:\/\/blogs.amarinha.gal\/ribadeando\/wp-json\/wp\/v2\/tags?post=8251"}],"curies":[{"name":"wp","href":"https:\/\/api.w.org\/{rel}","templated":true}]}}