{"id":8250,"date":"2010-08-30T07:38:00","date_gmt":"2010-08-30T05:38:00","guid":{"rendered":""},"modified":"2024-11-12T14:54:41","modified_gmt":"2024-11-12T13:54:41","slug":"os-cocos-pasado-e-proxeccion-de-futuro","status":"publish","type":"post","link":"https:\/\/blogs.amarinha.gal\/ribadeando\/2010\/08\/30\/os-cocos-pasado-e-proxeccion-de-futuro\/","title":{"rendered":"Os Cocos, pasado e proxecci\u00f3n de futuro."},"content":{"rendered":"<p>O 16 de agosto de 2010 non foi un d\u00eda calquera en Ribadeo. Houbo festa e sa\u00edron <a href=\"http:\/\/ribadeando.blogspot.com\/2010\/08\/os-cocos-de-ribadeo-libro-en-internet.html\">os Cocos<\/a>, pero a festa sentiuse tam\u00e9n doutro xeito m\u00e1is profundo, nun lugar menos festeiro que San Roque, na oficina de turismo. Foi o d\u00eda de presentaci\u00f3n do <a href=\"http:\/\/publicadoenribadeo.wikispaces.com\/Os+Cocos+de+Ribadeo\">libro &#8216;Os Cocos de Ribadeo&#8217;<\/a>, festa esperada con motivo da que non sa\u00edron os cocos, sen\u00f3n que quiz\u00e1is por primeira vez foron visitados nos seus actuais aposentos, a oficina de turismo constru\u00edda no que eles viron durante moito tempo como &#8216;a horta de Boado&#8217;.<br \/>\nO libro \u00e9 unha homenaxe a esta familia ribadense, a m\u00e1is alta e divertida con diferencia. A s\u00faa aparici\u00f3n marcou unha festa polo esperado. Pero non s\u00f3 por iso. Para os cocos foi algo m\u00e1is, foi o recoller a s\u00faa historia, que en parte xa ampliamente co\u00f1ecida antes do libro, pero que en xeral estaba desperdigada, e gardada en anacos nas cabezas de moita xente, agrupando nelas Cocos e a propia historia de cada persoa depositaria de lembranzas. Foi esa parte m\u00e1is entranable a que viu a luz, agora xa para sempre.<br \/>\nO libro deixa marcado o pasado dos Cocos, f\u00edxao, evita que se esquezan moitas vivencias. Pero tam\u00e9n, e sobre todo, proxecta o seu futuro, mesmo sen intenci\u00f3n de facelo. E \u00e9 que en conxunto son moitas cousas, a historia dunha longa vida enteira, a que queda plasmada. E coa s\u00faa difusi\u00f3n, queda unha impronta de responsabilidade no pobo de Ribadeo respecto do futuro da familia que forma parte dende xeraci\u00f3ns do imaxinario ribadense. C\u00f3ntase no libro que os Cocos te\u00f1en pasado por vicisitudes diversas, dende longos anos sen aparecer ata a morte de parte da s\u00faa prole. C\u00f3ntase que para constru\u00edlos e para mantelos se necesitaron cartos, e quenes os deron. C\u00f3ntase que a s\u00faa percepci\u00f3n en Ribadeo ten cambiado \u00f3 longo da s\u00faa existencia. E agora, o ver por escrito toda esta informaci\u00f3n, ou as fotos que os sit\u00faan e unen a Ribadeo en conxunto, pero tam\u00e9n a moitas familias en particular, o pobo de Ribadeo vese impelido a tentar que os Cocos non volten a sufrir de novo vicisitudes. Atrancos como os que hai pouco m\u00e1is dunha d\u00e9cada fac\u00edan que Gilberto, un dos art\u00edfices do libro, dixera na &#8216;Comarca del  Eo&#8217; por varias veces que ou se manti\u00f1an os coidados \u00e1 familia coqueira ou hab\u00eda que temer pola s\u00faa desaparici\u00f3n.<br \/>\nO libro xa propiciou un reco\u00f1ecemento a algunhas das persoas que doaron cartos ou tempo e traballo. Dalg\u00fan xeito, foi o reco\u00f1ecemento da dignificaci\u00f3n desas persoas colaboradoras, e abriu a porta tam\u00e9n \u00e1 posibilidade de que as novas acci\u00f3ns xerosas levar\u00e1n \u00e1s persoas que as realicen a un estatus semellante, acadando o prestixio xeral en Ribadeo e o reco\u00f1ecemento da s\u00faa labor.<br \/>\nQue o como se ven os Cocos vai variando co tempo \u00e9 un feito, pero o libro ven a ser algo as\u00ed como o documento de identidade que lles fac\u00eda falta para pasar de ser insignes ribadenses, marqueses da Atalaia, a xente do pobo, uns m\u00e1is, coas s\u00fas costumes e man\u00edas, a s\u00faa vida apartada e \u00f3 tempo, bullangueira nas s\u00faas sa\u00eddas. Pola homenaxe \u00f3 seu pasado que \u00e9 o libro, os Cocos te\u00f1en as\u00ed un reco\u00f1ecemento do seu dereito a unha existencia \u00edntima con Ribadeo e esplendorosa no seu futuro.<\/p>\n","protected":false},"excerpt":{"rendered":"<p>O 16 de agosto de 2010 non foi un d\u00eda calquera en Ribadeo. Houbo festa e sa\u00edron os Cocos, pero a festa sentiuse tam\u00e9n doutro xeito m\u00e1is profundo, nun lugar menos festeiro que San Roque, na oficina de turismo. Foi o d\u00eda de presentaci\u00f3n do libro &#8216;Os Cocos de Ribadeo&#8217;, festa esperada con motivo da [&hellip;]<\/p>\n","protected":false},"author":3,"featured_media":0,"comment_status":"open","ping_status":"closed","sticky":false,"template":"","format":"standard","meta":{"activitypub_content_warning":"","activitypub_content_visibility":"","activitypub_max_image_attachments":3,"activitypub_interaction_policy_quote":"anyone","activitypub_status":"federated","footnotes":""},"categories":[1],"tags":[9],"class_list":["post-8250","post","type-post","status-publish","format-standard","hentry","category-sen-categoria","tag-sociedade"],"_links":{"self":[{"href":"https:\/\/blogs.amarinha.gal\/ribadeando\/wp-json\/wp\/v2\/posts\/8250","targetHints":{"allow":["GET"]}}],"collection":[{"href":"https:\/\/blogs.amarinha.gal\/ribadeando\/wp-json\/wp\/v2\/posts"}],"about":[{"href":"https:\/\/blogs.amarinha.gal\/ribadeando\/wp-json\/wp\/v2\/types\/post"}],"author":[{"embeddable":true,"href":"https:\/\/blogs.amarinha.gal\/ribadeando\/wp-json\/wp\/v2\/users\/3"}],"replies":[{"embeddable":true,"href":"https:\/\/blogs.amarinha.gal\/ribadeando\/wp-json\/wp\/v2\/comments?post=8250"}],"version-history":[{"count":0,"href":"https:\/\/blogs.amarinha.gal\/ribadeando\/wp-json\/wp\/v2\/posts\/8250\/revisions"}],"wp:attachment":[{"href":"https:\/\/blogs.amarinha.gal\/ribadeando\/wp-json\/wp\/v2\/media?parent=8250"}],"wp:term":[{"taxonomy":"category","embeddable":true,"href":"https:\/\/blogs.amarinha.gal\/ribadeando\/wp-json\/wp\/v2\/categories?post=8250"},{"taxonomy":"post_tag","embeddable":true,"href":"https:\/\/blogs.amarinha.gal\/ribadeando\/wp-json\/wp\/v2\/tags?post=8250"}],"curies":[{"name":"wp","href":"https:\/\/api.w.org\/{rel}","templated":true}]}}