{"id":8249,"date":"2010-08-30T08:54:00","date_gmt":"2010-08-30T06:54:00","guid":{"rendered":""},"modified":"2024-11-12T14:54:40","modified_gmt":"2024-11-12T13:54:40","slug":"comeza-semana-de-comezo-das-festas-en","status":"publish","type":"post","link":"https:\/\/blogs.amarinha.gal\/ribadeando\/2010\/08\/30\/comeza-semana-de-comezo-das-festas-en\/","title":{"rendered":"Comeza a semana (de comezo) das festas en Ribadeo"},"content":{"rendered":"<p><a onblur=\"try {parent.deselectBloggerImageGracefully();} catch(e) {}\" href=\"https:\/\/blogger.googleusercontent.com\/img\/b\/R29vZ2xl\/AVvXsEiyxeLyuQ0xg46Qn5Qne807V69MCsht5RWu2_hA1ZMdPv_ClggBoecv5Oo4dfsMaerw8toTtd7g1uvWyD16cCqkASUnAV7H5kBPcNPUkqs7FiSZ7dRk0gpxptQiXydEaVtvPQ_jKw\/s2048\/festas+2010+b.jpeg\"><img decoding=\"async\" src=\"https:\/\/blogger.googleusercontent.com\/img\/b\/R29vZ2xl\/AVvXsEiyxeLyuQ0xg46Qn5Qne807V69MCsht5RWu2_hA1ZMdPv_ClggBoecv5Oo4dfsMaerw8toTtd7g1uvWyD16cCqkASUnAV7H5kBPcNPUkqs7FiSZ7dRk0gpxptQiXydEaVtvPQ_jKw\/s2048\/festas+2010+b.jpeg\" alt=\"\" \/><\/a><br \/>\n<a onblur=\"try {parent.deselectBloggerImageGracefully();} catch(e) {}\" href=\"https:\/\/blogger.googleusercontent.com\/img\/b\/R29vZ2xl\/AVvXsEjRJAtUUIwURBNdos8ynx3ON_3gnRX9BMNSkawVYtCRbYNiXhM2bYq-dTh7R0DNCEThJ7qxPAjsq0VXRkTMSIhuIteJHOJ95g_Ak2_SOq2IZZRJr7bQzbCUNFuuZpguqBbNa2Gi-w\/s2048\/festas+2010.jpeg\"><img decoding=\"async\" src=\"https:\/\/blogger.googleusercontent.com\/img\/b\/R29vZ2xl\/AVvXsEjRJAtUUIwURBNdos8ynx3ON_3gnRX9BMNSkawVYtCRbYNiXhM2bYq-dTh7R0DNCEThJ7qxPAjsq0VXRkTMSIhuIteJHOJ95g_Ak2_SOq2IZZRJr7bQzbCUNFuuZpguqBbNa2Gi-w\/s2048\/festas+2010.jpeg\" alt=\"\" \/><\/a><br \/>\nO s\u00e1bado, segundo di o programa, e descontando o <a href=\"http:\/\/ribadeando.blogspot.com\/2010\/08\/xullagosto.html\">San Roque<\/a> (inclu\u00eddo no programa que se repartiu para este fin de semana), comezan as festas da patroa.<br \/>\nO s\u00e1bado 4, preg\u00f3n por \u00c1ngel de la Cruz.<br \/>\nDomingo 5, Cocos a mediod\u00eda e pola tarde, atracci\u00f3ns para os nenos. Pola noite, o Mago Ant\u00f3n.<br \/>\nLuns 6, festa e verbena: Madison e bimba Bos\u00e9.<br \/>\nMartes 7, Cocos a mediod\u00eda, verbena e fogos de artificio a medianoite.<br \/>\nM\u00e9rcores 8, misa coa coral, procesi\u00f3n e verbena.<br \/>\nE t\u00f3dolos d\u00edas, dende xa, o Campo (o paruqe de San francisco e a praza de Espa\u00f1a), convertido en campo da festa.<\/p>\n","protected":false},"excerpt":{"rendered":"<p>O s\u00e1bado, segundo di o programa, e descontando o San Roque (inclu\u00eddo no programa que se repartiu para este fin de semana), comezan as festas da patroa. O s\u00e1bado 4, preg\u00f3n por \u00c1ngel de la Cruz. Domingo 5, Cocos a mediod\u00eda e pola tarde, atracci\u00f3ns para os nenos. Pola noite, o Mago Ant\u00f3n. Luns 6, [&hellip;]<\/p>\n","protected":false},"author":3,"featured_media":0,"comment_status":"open","ping_status":"closed","sticky":false,"template":"","format":"standard","meta":{"activitypub_content_warning":"","activitypub_content_visibility":"","activitypub_max_image_attachments":3,"activitypub_interaction_policy_quote":"anyone","activitypub_status":"federated","footnotes":""},"categories":[1],"tags":[9],"class_list":["post-8249","post","type-post","status-publish","format-standard","hentry","category-sen-categoria","tag-sociedade"],"_links":{"self":[{"href":"https:\/\/blogs.amarinha.gal\/ribadeando\/wp-json\/wp\/v2\/posts\/8249","targetHints":{"allow":["GET"]}}],"collection":[{"href":"https:\/\/blogs.amarinha.gal\/ribadeando\/wp-json\/wp\/v2\/posts"}],"about":[{"href":"https:\/\/blogs.amarinha.gal\/ribadeando\/wp-json\/wp\/v2\/types\/post"}],"author":[{"embeddable":true,"href":"https:\/\/blogs.amarinha.gal\/ribadeando\/wp-json\/wp\/v2\/users\/3"}],"replies":[{"embeddable":true,"href":"https:\/\/blogs.amarinha.gal\/ribadeando\/wp-json\/wp\/v2\/comments?post=8249"}],"version-history":[{"count":0,"href":"https:\/\/blogs.amarinha.gal\/ribadeando\/wp-json\/wp\/v2\/posts\/8249\/revisions"}],"wp:attachment":[{"href":"https:\/\/blogs.amarinha.gal\/ribadeando\/wp-json\/wp\/v2\/media?parent=8249"}],"wp:term":[{"taxonomy":"category","embeddable":true,"href":"https:\/\/blogs.amarinha.gal\/ribadeando\/wp-json\/wp\/v2\/categories?post=8249"},{"taxonomy":"post_tag","embeddable":true,"href":"https:\/\/blogs.amarinha.gal\/ribadeando\/wp-json\/wp\/v2\/tags?post=8249"}],"curies":[{"name":"wp","href":"https:\/\/api.w.org\/{rel}","templated":true}]}}