{"id":8244,"date":"2010-09-02T09:39:00","date_gmt":"2010-09-02T07:39:00","guid":{"rendered":""},"modified":"2024-11-12T14:54:34","modified_gmt":"2024-11-12T13:54:34","slug":"un-transporte-especial","status":"publish","type":"post","link":"https:\/\/blogs.amarinha.gal\/ribadeando\/2010\/09\/02\/un-transporte-especial\/","title":{"rendered":"Un transporte especial"},"content":{"rendered":"<p>Chegou o transformador \u00f3 porto. Xa hai un par de d\u00edas que leva cargado. Non obstante, non se movera onte pola tarde dal\u00ed. Nunha conversa casual pillada \u00f3 paso pareceume entender que se tiveran problemas na desestiba, pero, tiv\u00e9rannos ou non, o caso \u00e9 que se puido ver (quiz\u00e1is a\u00ednda se pode) no porto un xigante de transporte articulado, que non deixa de ser unha curiosidade tanto para lembrar en charlas como para ter conta dela hist\u00f3ricamente cando se refiran \u00e1 potencialidade do porto de Ribadeo e \u00f3 seu funcionamento.<br \/>\n<a onblur=\"try {parent.deselectBloggerImageGracefully();} catch(e) {}\" href=\"https:\/\/blogger.googleusercontent.com\/img\/b\/R29vZ2xl\/AVvXsEj6LavRGm1waBPAZO_5brSAbBDniF4ZE5peXmWY0DxlUq5bzt6WyZiJcFE4O0up9OAuBrWX6dn8MoCWZg5kaepBiklmzzJX7oqh1zT5CrQKJGQ1OHQWQ5sqEAdEYOFbkulEgCnQ-A\/s2048\/para+transformador.jpg\"><img decoding=\"async\" src=\"https:\/\/blogger.googleusercontent.com\/img\/b\/R29vZ2xl\/AVvXsEj6LavRGm1waBPAZO_5brSAbBDniF4ZE5peXmWY0DxlUq5bzt6WyZiJcFE4O0up9OAuBrWX6dn8MoCWZg5kaepBiklmzzJX7oqh1zT5CrQKJGQ1OHQWQ5sqEAdEYOFbkulEgCnQ-A\/s2048\/para+transformador.jpg\" alt=\"\" \/><\/a><br \/>\nRem\u00edtome polo dem\u00e1is, \u00f3 xa <a href=\"http:\/\/ribadeando.blogspot.com\/2010\/08\/pequenas-cousinas-un-feixe-de-novidades.html\">dito a pasada semana sobre o transporte do transformador chegado a Mirasol<\/a>.<\/p>\n","protected":false},"excerpt":{"rendered":"<p>Chegou o transformador \u00f3 porto. Xa hai un par de d\u00edas que leva cargado. Non obstante, non se movera onte pola tarde dal\u00ed. Nunha conversa casual pillada \u00f3 paso pareceume entender que se tiveran problemas na desestiba, pero, tiv\u00e9rannos ou non, o caso \u00e9 que se puido ver (quiz\u00e1is a\u00ednda se pode) no porto un [&hellip;]<\/p>\n","protected":false},"author":3,"featured_media":0,"comment_status":"open","ping_status":"closed","sticky":false,"template":"","format":"standard","meta":{"activitypub_content_warning":"","activitypub_content_visibility":"","activitypub_max_image_attachments":3,"activitypub_interaction_policy_quote":"anyone","activitypub_status":"federated","footnotes":""},"categories":[1],"tags":[21,57,9],"class_list":["post-8244","post","type-post","status-publish","format-standard","hentry","category-sen-categoria","tag-economia","tag-fotos-ria-de-ribadeo","tag-sociedade"],"_links":{"self":[{"href":"https:\/\/blogs.amarinha.gal\/ribadeando\/wp-json\/wp\/v2\/posts\/8244","targetHints":{"allow":["GET"]}}],"collection":[{"href":"https:\/\/blogs.amarinha.gal\/ribadeando\/wp-json\/wp\/v2\/posts"}],"about":[{"href":"https:\/\/blogs.amarinha.gal\/ribadeando\/wp-json\/wp\/v2\/types\/post"}],"author":[{"embeddable":true,"href":"https:\/\/blogs.amarinha.gal\/ribadeando\/wp-json\/wp\/v2\/users\/3"}],"replies":[{"embeddable":true,"href":"https:\/\/blogs.amarinha.gal\/ribadeando\/wp-json\/wp\/v2\/comments?post=8244"}],"version-history":[{"count":0,"href":"https:\/\/blogs.amarinha.gal\/ribadeando\/wp-json\/wp\/v2\/posts\/8244\/revisions"}],"wp:attachment":[{"href":"https:\/\/blogs.amarinha.gal\/ribadeando\/wp-json\/wp\/v2\/media?parent=8244"}],"wp:term":[{"taxonomy":"category","embeddable":true,"href":"https:\/\/blogs.amarinha.gal\/ribadeando\/wp-json\/wp\/v2\/categories?post=8244"},{"taxonomy":"post_tag","embeddable":true,"href":"https:\/\/blogs.amarinha.gal\/ribadeando\/wp-json\/wp\/v2\/tags?post=8244"}],"curies":[{"name":"wp","href":"https:\/\/api.w.org\/{rel}","templated":true}]}}