{"id":8241,"date":"2010-09-04T09:53:00","date_gmt":"2010-09-04T07:53:00","guid":{"rendered":""},"modified":"2024-11-12T14:54:23","modified_gmt":"2024-11-12T13:54:23","slug":"dentellada","status":"publish","type":"post","link":"https:\/\/blogs.amarinha.gal\/ribadeando\/2010\/09\/04\/dentellada\/","title":{"rendered":"Dentellada en Ribadeo"},"content":{"rendered":"<p>Unha empresa de f\u00f3ra, <a href=\"http:\/\/www.dentellada.com\/demolicion_tecnica_ga\/trabajos.html\">Dentellada<\/a>, executar\u00e1 o derribo dos rochos ribadenses que levan 12 anos con orde de desaparici\u00f3n. O corporativismo non \u00e9 s\u00f3 cousa de alg\u00fan grupo de traballadores: tam\u00e9n se da nas empresas.<br \/>\nAlgunha entrada m\u00e1is sobre o mesmo: <a href=\"http:\/\/ribadeando.blogspot.com\/2006\/11\/titulares-sobre-ribadeo.html\">Titulares sobre Ribadeo<\/a>;<a href=\"http:\/\/ribadeando.blogspot.com\/2010\/03\/31-de-marzo-data-limite.html\">31 de marzo,data l\u00edmite.html<\/a>; <a href=\"http:\/\/ribadeando.blogspot.com\/2008\/01\/un-pleno-pacfico-en-ribadeo-pero-sen.html\">Nun pleno<\/a>; <a href=\"http:\/\/ribadeando.blogspot.com\/2007\/04\/unha-nova-oportunidade-para-ribadeo.html\">noutro pleno<\/a>, &#8230;<\/p>\n","protected":false},"excerpt":{"rendered":"<p>Unha empresa de f\u00f3ra, Dentellada, executar\u00e1 o derribo dos rochos ribadenses que levan 12 anos con orde de desaparici\u00f3n. O corporativismo non \u00e9 s\u00f3 cousa de alg\u00fan grupo de traballadores: tam\u00e9n se da nas empresas. Algunha entrada m\u00e1is sobre o mesmo: Titulares sobre Ribadeo;31 de marzo,data l\u00edmite.html; Nun pleno; noutro pleno, &#8230;<\/p>\n","protected":false},"author":3,"featured_media":0,"comment_status":"open","ping_status":"closed","sticky":false,"template":"","format":"standard","meta":{"activitypub_content_warning":"","activitypub_content_visibility":"","activitypub_max_image_attachments":3,"activitypub_interaction_policy_quote":"anyone","activitypub_status":"federated","footnotes":""},"categories":[1],"tags":[65],"class_list":["post-8241","post","type-post","status-publish","format-standard","hentry","category-sen-categoria","tag-arquitectura"],"_links":{"self":[{"href":"https:\/\/blogs.amarinha.gal\/ribadeando\/wp-json\/wp\/v2\/posts\/8241","targetHints":{"allow":["GET"]}}],"collection":[{"href":"https:\/\/blogs.amarinha.gal\/ribadeando\/wp-json\/wp\/v2\/posts"}],"about":[{"href":"https:\/\/blogs.amarinha.gal\/ribadeando\/wp-json\/wp\/v2\/types\/post"}],"author":[{"embeddable":true,"href":"https:\/\/blogs.amarinha.gal\/ribadeando\/wp-json\/wp\/v2\/users\/3"}],"replies":[{"embeddable":true,"href":"https:\/\/blogs.amarinha.gal\/ribadeando\/wp-json\/wp\/v2\/comments?post=8241"}],"version-history":[{"count":0,"href":"https:\/\/blogs.amarinha.gal\/ribadeando\/wp-json\/wp\/v2\/posts\/8241\/revisions"}],"wp:attachment":[{"href":"https:\/\/blogs.amarinha.gal\/ribadeando\/wp-json\/wp\/v2\/media?parent=8241"}],"wp:term":[{"taxonomy":"category","embeddable":true,"href":"https:\/\/blogs.amarinha.gal\/ribadeando\/wp-json\/wp\/v2\/categories?post=8241"},{"taxonomy":"post_tag","embeddable":true,"href":"https:\/\/blogs.amarinha.gal\/ribadeando\/wp-json\/wp\/v2\/tags?post=8241"}],"curies":[{"name":"wp","href":"https:\/\/api.w.org\/{rel}","templated":true}]}}