{"id":8240,"date":"2010-09-05T11:27:00","date_gmt":"2010-09-05T09:27:00","guid":{"rendered":""},"modified":"2024-11-12T14:54:22","modified_gmt":"2024-11-12T13:54:22","slug":"festas-patronais-de-ribadeo-2-parte","status":"publish","type":"post","link":"https:\/\/blogs.amarinha.gal\/ribadeando\/2010\/09\/05\/festas-patronais-de-ribadeo-2-parte\/","title":{"rendered":"Festas patronais de Ribadeo, 2\u00aa parte: preg\u00f3n de \u00c1ngel de la Cruz"},"content":{"rendered":"<p><a onblur=\"try {parent.deselectBloggerImageGracefully();} catch(e) {}\" href=\"https:\/\/blogger.googleusercontent.com\/img\/b\/R29vZ2xl\/AVvXsEjCd5sIEBHQyM2wSMJB-qyFe1iIJ7BMIcStc8Jg9BrLIjCmwWDYjjIC34gCBXfa4RR0PCqg_jhNcZ_UhW4faYoryL-GqkcpHsLTNFHgtAT2NrRIDjP6aIEI2s5kCbse9nBxYSA7sA\/s2048\/Pregon+2010.jpg\"><img decoding=\"async\" src=\"https:\/\/blogger.googleusercontent.com\/img\/b\/R29vZ2xl\/AVvXsEjCd5sIEBHQyM2wSMJB-qyFe1iIJ7BMIcStc8Jg9BrLIjCmwWDYjjIC34gCBXfa4RR0PCqg_jhNcZ_UhW4faYoryL-GqkcpHsLTNFHgtAT2NrRIDjP6aIEI2s5kCbse9nBxYSA7sA\/s2048\/Pregon+2010.jpg\" alt=\"\" \/><\/a><br \/>\nDeixo colgado o preg\u00f3n de <a href=\"http:\/\/www.angeldelacruz.es\/\">\u00c1ngel de la Cruz<\/a>, (o director de &#8216;<a href=\"http:\/\/losmuertosvandeprisa.blogspot.com\/\">os mortos va \u00e1 presa<\/a>&#8216;) cedido por el o orixinal de lectura (e escaneado&#8230; pode ter alg\u00fan erro&#8230;). Foi presentado por Alberto Moledo.<br \/>\nPor certo, que voltar\u00e1 a rodar en Ribadeo, cun filme baseado na banda dese\u00f1ada &#8216;<a href=\"http:\/\/www.papelenblanco.com\/novela-grafica\/arrugas-un-comic-sobre-el-alzheimer\">Arrugas<\/a>&#8216; (outras ligaz\u00f3ns: <a href=\"http:\/\/www.pacoroca.com\/secciones\/comics\/arrugas.html\">1<\/a>, <a href=\"http:\/\/www.papelenblanco.com\/novela-grafica\/arrugas-un-comic-sobre-el-alzheimer\">2<\/a>, <a href=\"http:\/\/www.elpais.com\/articulo\/cultura\/comic\/Arrugas\/saltara\/cine\/elpepucul\/20090324elpepucul_10\/Tes\">3<\/a>, &#8230;)<br \/>\nAlgunha ligaz\u00f3n relacionada: (<a href=\"http:\/\/ribadeando.blogspot.com\/2009\/01\/pase-previo-aqu-como-en-hollywood-ii.html\">1<\/a>, <a href=\"http:\/\/ribadeando.blogspot.com\/2008\/10\/un-par-de-cousas-mis-sobre-amadores.html\">2<\/a>,e <a href=\"http:\/\/www.google.es\/search?num=50&amp;hl=gl&amp;client=firefox-a&amp;hs=Bqr&amp;rls=com.ubuntu%3Aen-US%3Aunofficial&amp;q=site%3Ahttp%3A%2F%2Fribadeando.blogspot.com+%22os+mortos+van%22+&amp;btnG=Buscar\">en xeral<\/a>)<\/p>\n","protected":false},"excerpt":{"rendered":"<p>Deixo colgado o preg\u00f3n de \u00c1ngel de la Cruz, (o director de &#8216;os mortos va \u00e1 presa&#8216;) cedido por el o orixinal de lectura (e escaneado&#8230; pode ter alg\u00fan erro&#8230;). Foi presentado por Alberto Moledo. Por certo, que voltar\u00e1 a rodar en Ribadeo, cun filme baseado na banda dese\u00f1ada &#8216;Arrugas&#8216; (outras ligaz\u00f3ns: 1, 2, 3, [&hellip;]<\/p>\n","protected":false},"author":3,"featured_media":0,"comment_status":"open","ping_status":"closed","sticky":false,"template":"","format":"standard","meta":{"activitypub_content_warning":"","activitypub_content_visibility":"","activitypub_max_image_attachments":3,"activitypub_interaction_policy_quote":"anyone","activitypub_status":"federated","footnotes":""},"categories":[1],"tags":[9],"class_list":["post-8240","post","type-post","status-publish","format-standard","hentry","category-sen-categoria","tag-sociedade"],"_links":{"self":[{"href":"https:\/\/blogs.amarinha.gal\/ribadeando\/wp-json\/wp\/v2\/posts\/8240","targetHints":{"allow":["GET"]}}],"collection":[{"href":"https:\/\/blogs.amarinha.gal\/ribadeando\/wp-json\/wp\/v2\/posts"}],"about":[{"href":"https:\/\/blogs.amarinha.gal\/ribadeando\/wp-json\/wp\/v2\/types\/post"}],"author":[{"embeddable":true,"href":"https:\/\/blogs.amarinha.gal\/ribadeando\/wp-json\/wp\/v2\/users\/3"}],"replies":[{"embeddable":true,"href":"https:\/\/blogs.amarinha.gal\/ribadeando\/wp-json\/wp\/v2\/comments?post=8240"}],"version-history":[{"count":0,"href":"https:\/\/blogs.amarinha.gal\/ribadeando\/wp-json\/wp\/v2\/posts\/8240\/revisions"}],"wp:attachment":[{"href":"https:\/\/blogs.amarinha.gal\/ribadeando\/wp-json\/wp\/v2\/media?parent=8240"}],"wp:term":[{"taxonomy":"category","embeddable":true,"href":"https:\/\/blogs.amarinha.gal\/ribadeando\/wp-json\/wp\/v2\/categories?post=8240"},{"taxonomy":"post_tag","embeddable":true,"href":"https:\/\/blogs.amarinha.gal\/ribadeando\/wp-json\/wp\/v2\/tags?post=8240"}],"curies":[{"name":"wp","href":"https:\/\/api.w.org\/{rel}","templated":true}]}}