{"id":8238,"date":"2010-09-08T12:31:00","date_gmt":"2010-09-08T10:31:00","guid":{"rendered":""},"modified":"2024-11-12T14:54:20","modified_gmt":"2024-11-12T13:54:20","slug":"hoxe-e-festa-en-ribadeo","status":"publish","type":"post","link":"https:\/\/blogs.amarinha.gal\/ribadeando\/2010\/09\/08\/hoxe-e-festa-en-ribadeo\/","title":{"rendered":"Hoxe \u00e9 festa en Ribadeo"},"content":{"rendered":"<p>Para moitos, sen m\u00e1is, \u00e9 d\u00eda de desfrute. P\u00f3desenlle po\u00f1er algunhas condici\u00f3ns acompa\u00f1antes, como o facer o pase\u00ed\u00f1o e atoparse a m\u00e1is xente desa que se ve de cento en vento, pero, sinxelamente, d\u00eda de desfrute. Para alg\u00fans, ser\u00e1 o d\u00eda do s\u00edndrome da volta a normalidade (xa sexa polas vacaci\u00f3ns, polo despexe do parque, polo ru\u00eddo do campo, pola vici\u00f1anza das controversias pol\u00edticas que se barruntan, &#8230;). Para alg\u00fans m\u00e1is, un d\u00eda como calquera outro, quiz\u00e1is m\u00e1is parello a un domingo, pero nada m\u00e1is. A\u00ednda para outros, ser\u00e1 o d\u00eda de volta despois de pasar uns d\u00edas f\u00f3ra do barullo festeiro.<br \/>\nSexa como sexa que se considere o que no seu tempo era o culmen das festas do oito, dende hai anos, xa abondos, as festas est\u00e1n cambiando. &#8216;Non son o que eran&#8217;, dir\u00e1n alg\u00fans de xeito pexorativo, con tendencia a atoparse entre os m\u00e1is vellos, que lembran a s\u00faa propia imaxe das festas de tempos lonxanos e a comparan co que interpretan da actualidade. Certo, var\u00edan. Te\u00f1en variado moito, e en importancia relativa en relaci\u00f3n a outras diversi\u00f3ns, te\u00f1en baixado moitos puntos: te\u00f1en moita m\u00e1is competencia que hai anos.<br \/>\nEn troques, as persoas deberamos seguir a ser m\u00e1is ou menos, as mesmas: naturalmente, variamos \u00f3 longo da vida, pero somos substitu\u00eddos en franxa de idade, en franxa de vitalidade, por outros, e \u00e9 como se fora un cont\u00ednuo. Continuo que est\u00e1 a cambiar. E ise \u00e9 o principal cambio das festas, en Ribadeo e por onde se mire: Se a xente cambia, se cambiamos, se temos diferentes oportunidades, tam\u00e9n cambia non s\u00f3 o que facemos realmente, sen\u00f3n tam\u00e9n a percepci\u00f3n que temos do que facemos, n\u00f3s e os dem\u00e1is.<br \/>\nPero, lector ou lectora, chegado xa a hora de que a banda comece a interpretar os primieros compases na procesi\u00f3n, como preludio de deixar os santos nos lugares de culto e da actuaci\u00f3n central do d\u00eda na praza da m\u00fasica, esquece ata outro momento o anterior e sinxelamente, desfruta.<\/p>\n","protected":false},"excerpt":{"rendered":"<p>Para moitos, sen m\u00e1is, \u00e9 d\u00eda de desfrute. P\u00f3desenlle po\u00f1er algunhas condici\u00f3ns acompa\u00f1antes, como o facer o pase\u00ed\u00f1o e atoparse a m\u00e1is xente desa que se ve de cento en vento, pero, sinxelamente, d\u00eda de desfrute. Para alg\u00fans, ser\u00e1 o d\u00eda do s\u00edndrome da volta a normalidade (xa sexa polas vacaci\u00f3ns, polo despexe do parque, [&hellip;]<\/p>\n","protected":false},"author":3,"featured_media":0,"comment_status":"open","ping_status":"closed","sticky":false,"template":"","format":"standard","meta":{"activitypub_content_warning":"","activitypub_content_visibility":"","activitypub_max_image_attachments":3,"activitypub_interaction_policy_quote":"anyone","activitypub_status":"federated","footnotes":""},"categories":[1],"tags":[32],"class_list":["post-8238","post","type-post","status-publish","format-standard","hentry","category-sen-categoria","tag-filosofia"],"_links":{"self":[{"href":"https:\/\/blogs.amarinha.gal\/ribadeando\/wp-json\/wp\/v2\/posts\/8238","targetHints":{"allow":["GET"]}}],"collection":[{"href":"https:\/\/blogs.amarinha.gal\/ribadeando\/wp-json\/wp\/v2\/posts"}],"about":[{"href":"https:\/\/blogs.amarinha.gal\/ribadeando\/wp-json\/wp\/v2\/types\/post"}],"author":[{"embeddable":true,"href":"https:\/\/blogs.amarinha.gal\/ribadeando\/wp-json\/wp\/v2\/users\/3"}],"replies":[{"embeddable":true,"href":"https:\/\/blogs.amarinha.gal\/ribadeando\/wp-json\/wp\/v2\/comments?post=8238"}],"version-history":[{"count":0,"href":"https:\/\/blogs.amarinha.gal\/ribadeando\/wp-json\/wp\/v2\/posts\/8238\/revisions"}],"wp:attachment":[{"href":"https:\/\/blogs.amarinha.gal\/ribadeando\/wp-json\/wp\/v2\/media?parent=8238"}],"wp:term":[{"taxonomy":"category","embeddable":true,"href":"https:\/\/blogs.amarinha.gal\/ribadeando\/wp-json\/wp\/v2\/categories?post=8238"},{"taxonomy":"post_tag","embeddable":true,"href":"https:\/\/blogs.amarinha.gal\/ribadeando\/wp-json\/wp\/v2\/tags?post=8238"}],"curies":[{"name":"wp","href":"https:\/\/api.w.org\/{rel}","templated":true}]}}