{"id":8237,"date":"2010-09-10T08:30:00","date_gmt":"2010-09-10T06:30:00","guid":{"rendered":""},"modified":"2024-11-12T14:54:18","modified_gmt":"2024-11-12T13:54:18","slug":"para-unha-avaliacion-das-festas-feiras","status":"publish","type":"post","link":"https:\/\/blogs.amarinha.gal\/ribadeando\/2010\/09\/10\/para-unha-avaliacion-das-festas-feiras\/","title":{"rendered":"Para unha valoraci\u00f3n das festas, feiras ou a invasi\u00f3n okupa"},"content":{"rendered":"<p><a onblur=\"try {parent.deselectBloggerImageGracefully();} catch(e) {}\" href=\"https:\/\/blogger.googleusercontent.com\/img\/b\/R29vZ2xl\/AVvXsEhslP8W1Ae8KroAQcAAjbZaie6odDg9puUJFzjH8jt5BACy68-OMiiveHB6SCBE5ByefjMWUv6WB9irzclFN4YCsSS_Ky-KeoT_lFLdhyHnknJb0gWBxmo9GdDYndwk6dYT4LluKg\/s2048\/venta+no+parque.jpg\"><img decoding=\"async\" src=\"https:\/\/blogger.googleusercontent.com\/img\/b\/R29vZ2xl\/AVvXsEhslP8W1Ae8KroAQcAAjbZaie6odDg9puUJFzjH8jt5BACy68-OMiiveHB6SCBE5ByefjMWUv6WB9irzclFN4YCsSS_Ky-KeoT_lFLdhyHnknJb0gWBxmo9GdDYndwk6dYT4LluKg\/s2048\/venta+no+parque.jpg\" alt=\"\" \/><\/a><br \/>\n<a onblur=\"try {parent.deselectBloggerImageGracefully();} catch(e) {}\" href=\"https:\/\/blogger.googleusercontent.com\/img\/b\/R29vZ2xl\/AVvXsEg2VERYWY9Id_v6kAlX4CZfnJ6ltB7aPrNprtNRw38VZuQTNy9UWFSqYlHYnS-RpozOZ_bVhMSMs1mpKJrbOvX1kXKZ3rYC0xmb9TLzrChrOBre7GEC35ez8_89gq3tPPUBJJuZFQ\/s2048\/venta+no+parque+2.jpg\"><img decoding=\"async\" src=\"https:\/\/blogger.googleusercontent.com\/img\/b\/R29vZ2xl\/AVvXsEg2VERYWY9Id_v6kAlX4CZfnJ6ltB7aPrNprtNRw38VZuQTNy9UWFSqYlHYnS-RpozOZ_bVhMSMs1mpKJrbOvX1kXKZ3rYC0xmb9TLzrChrOBre7GEC35ez8_89gq3tPPUBJJuZFQ\/s2048\/venta+no+parque+2.jpg\" alt=\"\" \/><\/a><br \/>\nOnte en Onda cero participei nunha tertulia con dous temas principais: a avaliaci\u00f3n das festas e a pre campa\u00f1a electoral.<br \/>\nCoido que, mellor que po\u00f1er s\u00f3 a mi\u00f1a opini\u00f3n, \u00e9 facer un resume de cousas que al\u00ed se dixeron (ainda que, en l\u00f3xica, lembrareime m\u00e1is das cousas que eu mesmo dixen, e aproveito para po\u00f1er algunha que non dixen al\u00ed).<br \/>\nDeixouse craro que non se estaba a tirar pedras no tellado da comisi\u00f3n, que como voluntaria e traballadora, merece respeto, sen\u00f3n que coas cr\u00edticas trat\u00e1base de colaborar para mellorar as festas.<br \/>\nO tema de fondo foi o dilema, cos cartos dispo\u00f1ibles (falouse de 47 000 \u20ac), primar a cantidade ou a calidade. Non estivemos de acordo no sentido de que hab\u00eda quen preferir\u00eda un s\u00f3 d\u00eda, de calidade, mentras que outros diciamos que, a parte do que pensaramos os que al\u00ed estabamos (Jos\u00e9 M\u00aa Rodr\u00edguez, Santiago Fern\u00e1ndez-Reinante Salvatierra e e eu), se a comisi\u00f3n fac\u00eda algo polo estilo, bot\u00e1baselle inmediatamente a xente sobre ela. E \u00e9 que hoxe non ha a esixencia de festas grandes do mesmo estilo que antes; m\u00e1is ben hai esixencias diversas, que non sempre cadran para solapar.<br \/>\nAlabouse as actividades para os pequenos. Na realidade, a\u00ednda que al\u00ed non se dixo, son os pequenos os que agora m\u00e1is desfrutan das festas.<br \/>\nTam\u00e9n se falou, como non, do que puxeron os xornais: que o Mago Ant\u00f3n non actou porque non estaba contratado e que Bimba Bos\u00e9 actou tarde, pouco e quedou sen xente. Esto \u00faltimo non mereceu tanta atenci\u00f3n, pero todos estivemos de acordo en que o do Mago ten que ser explicado doutro xeito.<br \/>\nFalous de tipos de xente: xente que as desfruta, e xente que as sofre. E dicir, da existencia de xente que as vive despreocupadamente doutra para a que o oito \u00e9 un d\u00eda m\u00e1is, dos que as viven pensando que \u00f3 d\u00eda seguinte te\u00f1en que traballar ou dos que sinxelamente son emigrantes festeiro, que fuxen delas ben pola acumulaci\u00f3n de xente, ben polo ru\u00eddo (comprobado que hai xente que se vai de viaxe de xeito sistem\u00e1tico por ter cerca o pulpo, por exemplo), etc.<br \/>\n<a onblur=\"try {parent.deselectBloggerImageGracefully();} catch(e) {}\" href=\"https:\/\/blogger.googleusercontent.com\/img\/b\/R29vZ2xl\/AVvXsEgPvTVfejEjy5F-3a5yrVQrAfTlGSqV5mDjmOVek1cD3ePem9zVTqt15e3kr-RwGxImhh0fnMgjPVVuirguosw9lu50sZfs4jUy1D_DyNs6eODthEM8S9pmEiNNzFyyUIdnVw_RMQ\/s2048\/2010+concerto+patroa.jpeg\"><img decoding=\"async\" src=\"https:\/\/blogger.googleusercontent.com\/img\/b\/R29vZ2xl\/AVvXsEgPvTVfejEjy5F-3a5yrVQrAfTlGSqV5mDjmOVek1cD3ePem9zVTqt15e3kr-RwGxImhh0fnMgjPVVuirguosw9lu50sZfs4jUy1D_DyNs6eODthEM8S9pmEiNNzFyyUIdnVw_RMQ\/s2048\/2010+concerto+patroa.jpeg\" alt=\"\" \/><\/a><br \/>\nFalouse asemade da necesidade dunha estrutura dos postos, dun control: cantos pagaron por estar? Porque os manteiros non, a\u00ednda cando estaba ocupando 2\/3 do ancho da r\u00faa, e algunha tenda que se voltou a ver esta no na herba, tampouco.  En canto \u00e1s falsificaci\u00f3ns, hab\u00eda nalg\u00fan sitio desplegada abonda m\u00e1is extensi\u00f3n de bolsos (non digo que todos foron aflasificaci\u00f3ns) que nas tendas ribadenses cl\u00e1sicas, e al\u00ed seguiu tranquilamente ata o final das festas.<br \/>\nComentouse o concerto da banda, correspondendo m\u00e1is ou menos \u00f3<a href=\"http:\/\/ribadeando.blogspot.com\/2009\/09\/freixa.html\"> concerto do ano pasado<\/a>, se ben este, polo cambio de orientaci\u00f3n do palco, houbo menos p\u00fablico e os m\u00fasicos tiveron que sofrer o Sol de fronte.<a onblur=\"try {parent.deselectBloggerImageGracefully();} catch(e) {}\" href=\"https:\/\/blogger.googleusercontent.com\/img\/b\/R29vZ2xl\/AVvXsEgs0VBxbExgiCKfxfiqKwkdv2dKkgX0gRSLnxvCQwoPzZPPy8-3irc43I0AZWXamBkeolgnqRDi4OgV_eWYPWlTQ4ZWDhhUdLsf6ca4IQRgO9Eb6NUP0iIsLo8ZJB2Y1azxmjBc2w\/s2048\/banda+na+patroa+2010.jpg\"><img decoding=\"async\" src=\"https:\/\/blogger.googleusercontent.com\/img\/b\/R29vZ2xl\/AVvXsEgs0VBxbExgiCKfxfiqKwkdv2dKkgX0gRSLnxvCQwoPzZPPy8-3irc43I0AZWXamBkeolgnqRDi4OgV_eWYPWlTQ4ZWDhhUdLsf6ca4IQRgO9Eb6NUP0iIsLo8ZJB2Y1azxmjBc2w\/s2048\/banda+na+patroa+2010.jpg\" alt=\"\" \/><\/a><br \/>\nEn canto \u00f3 ru\u00eddo, sei que a algunha se lle dixo que baixara a m\u00fasica, pero non sei que se fixeran medidas para levala a niveis aceptables. De xeito equivalente, tam\u00e9n houbo locais que sen permiso alg\u00fan puxeron m\u00fasica cando lles petou&#8230; pero esto \u00faltimo xa \u00e9 m\u00e1is normal en Ribadeo.<br \/>\nEn fin, un comentario deslavazado s\u00f3 para lembrar cousas&#8230;<br \/>\n<a href=\"http:\/\/ribadeando.blogspot.com\/2009\/09\/voltando-realidade-despois-das-festas.html\">Das festas do ano pasado<\/a>. O <a href=\"http:\/\/ribadeando.blogspot.com\/2009\/09\/5-de-setembro.html\">5 de setembro de 2009<\/a>. A <a href=\"http:\/\/ribadeando.blogspot.com\/2009\/09\/iluminacion-das-festas-patronais.html\">iluminaci\u00f3n das festas de Ribadeo 2009<\/a>.<\/p>\n","protected":false},"excerpt":{"rendered":"<p>Onte en Onda cero participei nunha tertulia con dous temas principais: a avaliaci\u00f3n das festas e a pre campa\u00f1a electoral. Coido que, mellor que po\u00f1er s\u00f3 a mi\u00f1a opini\u00f3n, \u00e9 facer un resume de cousas que al\u00ed se dixeron (ainda que, en l\u00f3xica, lembrareime m\u00e1is das cousas que eu mesmo dixen, e aproveito para po\u00f1er [&hellip;]<\/p>\n","protected":false},"author":3,"featured_media":0,"comment_status":"open","ping_status":"closed","sticky":false,"template":"","format":"standard","meta":{"activitypub_content_warning":"","activitypub_content_visibility":"","activitypub_max_image_attachments":3,"activitypub_interaction_policy_quote":"anyone","activitypub_status":"federated","footnotes":""},"categories":[1],"tags":[9],"class_list":["post-8237","post","type-post","status-publish","format-standard","hentry","category-sen-categoria","tag-sociedade"],"_links":{"self":[{"href":"https:\/\/blogs.amarinha.gal\/ribadeando\/wp-json\/wp\/v2\/posts\/8237","targetHints":{"allow":["GET"]}}],"collection":[{"href":"https:\/\/blogs.amarinha.gal\/ribadeando\/wp-json\/wp\/v2\/posts"}],"about":[{"href":"https:\/\/blogs.amarinha.gal\/ribadeando\/wp-json\/wp\/v2\/types\/post"}],"author":[{"embeddable":true,"href":"https:\/\/blogs.amarinha.gal\/ribadeando\/wp-json\/wp\/v2\/users\/3"}],"replies":[{"embeddable":true,"href":"https:\/\/blogs.amarinha.gal\/ribadeando\/wp-json\/wp\/v2\/comments?post=8237"}],"version-history":[{"count":0,"href":"https:\/\/blogs.amarinha.gal\/ribadeando\/wp-json\/wp\/v2\/posts\/8237\/revisions"}],"wp:attachment":[{"href":"https:\/\/blogs.amarinha.gal\/ribadeando\/wp-json\/wp\/v2\/media?parent=8237"}],"wp:term":[{"taxonomy":"category","embeddable":true,"href":"https:\/\/blogs.amarinha.gal\/ribadeando\/wp-json\/wp\/v2\/categories?post=8237"},{"taxonomy":"post_tag","embeddable":true,"href":"https:\/\/blogs.amarinha.gal\/ribadeando\/wp-json\/wp\/v2\/tags?post=8237"}],"curies":[{"name":"wp","href":"https:\/\/api.w.org\/{rel}","templated":true}]}}