{"id":8234,"date":"2010-09-14T08:55:00","date_gmt":"2010-09-14T06:55:00","guid":{"rendered":""},"modified":"2024-11-12T14:54:15","modified_gmt":"2024-11-12T13:54:15","slug":"en-todas-partes-y-en-todas-epocas-los","status":"publish","type":"post","link":"https:\/\/blogs.amarinha.gal\/ribadeando\/2010\/09\/14\/en-todas-partes-y-en-todas-epocas-los\/","title":{"rendered":"En todas partes y en todas \u00e9pocas los conductores de hombres son prometedores de para\u00edsos."},"content":{"rendered":"<p>O t\u00edtulo \u00e9 unha cita do final da secci\u00f3n catro do apartado catro de &#8216;<a href=\"http:\/\/es.wikipedia.org\/wiki\/El_%C3%A1rbol_de_la_ciencia\">El \u00e1rbol de la ciencia<\/a>&#8216;, de <a href=\"http:\/\/gl.wikipedia.org\/wiki\/P%C3%ADo_Baroja\">P\u00edo Baroja<\/a>. Non me vou meter coa novela, que coido interesante, por certo, sen\u00f3n co seu significado.<br \/>\nPoderiamos meter \u00f3s pol\u00edticos na clase de &#8216;condutores de homes&#8217;? Consulto en internet o <a href=\"http:\/\/buscon.rae.es\/draeI\/\">diccionario da Real Academia Espa\u00f1ola da lingua<\/a>, e at\u00f3pome con dous conxuntos de acepci\u00f3ns en pugna: aquelas que indica \u00f3 pol\u00edtico como xestor e aqueloutras que o denotan como rexidor (mesmo con &#8216;arte&#8217;). Pode parecer o mesmo, pero non o \u00e9: no segundo caso, os pol\u00edticos aspirar\u00edan a ser &#8216;condutores de homes&#8217; (por suposto, tam\u00e9n de mulleres, po\u00f1o a aclaraci\u00f3n innecesaria) mentras que no primeiro &#8216;s\u00f3&#8217; aspirar\u00edan a ordear as cousas ben. Iso l\u00e9vame a facer unha distinci\u00f3n: os pol\u00edticos deixar\u00edan de ter aspiraci\u00f3n \u00fanica de &#8216;facer as cousas ben&#8217; cando aspiraran a ser &#8216;condutores de homes&#8217;. Un problema dif\u00edcil de resolver en democracia, e m\u00e1is dif\u00edcil a\u00ednda de controlar sen ela, unha especie de contradicci\u00f3n pol\u00edtica.<br \/>\nE en contradicci\u00f3ns dese tipo \u00edmonos metendo no curso pol\u00edtico ribadense. O \u00faltimo do actual mandato, que estivo a piques de non ter a estrutura que ten debido a unha moci\u00f3n que \u00f3 final non foi presentada na primavera. Non se fala do tema, pero est\u00e1 presente nas consideraci\u00f3ns sobre o concello para estes pr\u00f3ximos meses.  Mentras, son nova o xa vello pero inacabado e inacabable PXOM, debido \u00e1 s\u00faa adaptaci\u00f3n \u00e1 nova lei do solo e non aprobaci\u00f3n &#8216;cantada&#8217; neste mandato, e o &#8216;retorno&#8217; de UPRi, coa s\u00faa sa\u00edda nalg\u00fan medio anunciando que se volve a presentar, despois de todo o dito sobre oferta de praza nun posto da Xunta (e logo doutro) a Rivas. Con isto, xa estar\u00eda normalizada a situaci\u00f3n despois dos primeiros d\u00edas posteriores \u00e1s festas&#8230; De todo? Non o creo: queda o candidato do PP \u00e1s municipais por determinar, e chama a atenci\u00f3n que sexa neste comezo de curso de novo Andina quen siga acaparando titulares dentro das novas do partido: l\u00f3xico se se considera o seu posto actual, non tan l\u00f3xico se se mira cara \u00e1 visibilidade dun  candidato diferente a el cara \u00f3 futuro.<br \/>\n<a onblur=\"try {parent.deselectBloggerImageGracefully();} catch(e) {}\" href=\"https:\/\/blogger.googleusercontent.com\/img\/b\/R29vZ2xl\/AVvXsEhtZKb6UPmRRWXYTmeY0AyFZ6SKAyWknMXpy0GQHeWSFKWgm1SC9YtFdxfGZsP5W1CVZtGkg6SnHPs7HXL3dflcNBbeqLOTMdGv5o-keVsCKN1voLrcmgNTEcAT4lko-0eLQj5cDQ\/s2048\/lector+galego.jpg\"><img decoding=\"async\" src=\"https:\/\/blogger.googleusercontent.com\/img\/b\/R29vZ2xl\/AVvXsEhtZKb6UPmRRWXYTmeY0AyFZ6SKAyWknMXpy0GQHeWSFKWgm1SC9YtFdxfGZsP5W1CVZtGkg6SnHPs7HXL3dflcNBbeqLOTMdGv5o-keVsCKN1voLrcmgNTEcAT4lko-0eLQj5cDQ\/s2048\/lector+galego.jpg\" alt=\"\" \/><\/a><br \/>\nMentras, todos somos conscientes que o per\u00edodo actual \u00e9 de aspiraci\u00f3ns \u00f3 goberno por uns e por outros, logo, aspiraci\u00f3ns a &#8216;condutores&#8217;, como sinala o t\u00edtulo, e polo tanto, a promesas de para\u00edsos. Ser\u00e1 dif\u00edcil en moitos casos, pero necesario en todos, separar o grao da palla, se queremos ter unha pr\u00f3xima corporaci\u00f3n mellor.<br \/>\nMentras queda unha foto dunha curiosidade que notei estes d\u00edas, subindo dende a biblioteca: a figura dun lector en galego a modo de grafitti na biera dunha casa. a portada o que le representa a Galicia cunha franza como a da bandeira, e a persoaxe est\u00e1 ensimismada, como querendo ler a Galicia ata o fondo, mesmo entre li\u00f1as.<\/p>\n","protected":false},"excerpt":{"rendered":"<p>O t\u00edtulo \u00e9 unha cita do final da secci\u00f3n catro do apartado catro de &#8216;El \u00e1rbol de la ciencia&#8216;, de P\u00edo Baroja. Non me vou meter coa novela, que coido interesante, por certo, sen\u00f3n co seu significado. Poderiamos meter \u00f3s pol\u00edticos na clase de &#8216;condutores de homes&#8217;? Consulto en internet o diccionario da Real Academia [&hellip;]<\/p>\n","protected":false},"author":3,"featured_media":0,"comment_status":"open","ping_status":"closed","sticky":false,"template":"","format":"standard","meta":{"activitypub_content_warning":"","activitypub_content_visibility":"","activitypub_max_image_attachments":3,"activitypub_interaction_policy_quote":"anyone","activitypub_status":"federated","footnotes":""},"categories":[1],"tags":[13],"class_list":["post-8234","post","type-post","status-publish","format-standard","hentry","category-sen-categoria","tag-politica"],"_links":{"self":[{"href":"https:\/\/blogs.amarinha.gal\/ribadeando\/wp-json\/wp\/v2\/posts\/8234","targetHints":{"allow":["GET"]}}],"collection":[{"href":"https:\/\/blogs.amarinha.gal\/ribadeando\/wp-json\/wp\/v2\/posts"}],"about":[{"href":"https:\/\/blogs.amarinha.gal\/ribadeando\/wp-json\/wp\/v2\/types\/post"}],"author":[{"embeddable":true,"href":"https:\/\/blogs.amarinha.gal\/ribadeando\/wp-json\/wp\/v2\/users\/3"}],"replies":[{"embeddable":true,"href":"https:\/\/blogs.amarinha.gal\/ribadeando\/wp-json\/wp\/v2\/comments?post=8234"}],"version-history":[{"count":0,"href":"https:\/\/blogs.amarinha.gal\/ribadeando\/wp-json\/wp\/v2\/posts\/8234\/revisions"}],"wp:attachment":[{"href":"https:\/\/blogs.amarinha.gal\/ribadeando\/wp-json\/wp\/v2\/media?parent=8234"}],"wp:term":[{"taxonomy":"category","embeddable":true,"href":"https:\/\/blogs.amarinha.gal\/ribadeando\/wp-json\/wp\/v2\/categories?post=8234"},{"taxonomy":"post_tag","embeddable":true,"href":"https:\/\/blogs.amarinha.gal\/ribadeando\/wp-json\/wp\/v2\/tags?post=8234"}],"curies":[{"name":"wp","href":"https:\/\/api.w.org\/{rel}","templated":true}]}}