{"id":8233,"date":"2010-09-15T08:33:00","date_gmt":"2010-09-15T06:33:00","guid":{"rendered":""},"modified":"2024-11-12T14:54:14","modified_gmt":"2024-11-12T13:54:14","slug":"enquisas-pre-presentacion-de","status":"publish","type":"post","link":"https:\/\/blogs.amarinha.gal\/ribadeando\/2010\/09\/15\/enquisas-pre-presentacion-de\/","title":{"rendered":"Enquisas pre presentaci\u00f3n de candidatura"},"content":{"rendered":"<p>Tomo como curiosidade que hoxe saia na prensa que o popular m\u00e1is valorado en Ribadeo, dentro do propio partido tanto valoradores como valorados, sexa JC Rdguez. Andina. Non sei cal \u00e9 a misi\u00f3n dunha enquisa interna antes de anunciar as candidaturas \u00e1s alcald\u00edas, pero coido que algunha relaci\u00f3n deberan ter, por moito que a prensa destaque que iso non quere dicir que vaia ser o candidato (cousa negada en repetidas ocasi\u00f3ns por el mesmo). O contrario ser\u00eda algo as\u00ed como xogar \u00f3 despiste, e, redundando, a estas alturas coido que o despiste m\u00e1is ben ser\u00eda do partido que prantexase as\u00ed as cousas.<br \/>\nDe calquera xeito, como me te\u00f1o amosado a min mesmo que de estratexia pol\u00edtica seguida polos partidos sei pouco, verase.<\/p>\n","protected":false},"excerpt":{"rendered":"<p>Tomo como curiosidade que hoxe saia na prensa que o popular m\u00e1is valorado en Ribadeo, dentro do propio partido tanto valoradores como valorados, sexa JC Rdguez. Andina. Non sei cal \u00e9 a misi\u00f3n dunha enquisa interna antes de anunciar as candidaturas \u00e1s alcald\u00edas, pero coido que algunha relaci\u00f3n deberan ter, por moito que a prensa [&hellip;]<\/p>\n","protected":false},"author":3,"featured_media":0,"comment_status":"open","ping_status":"closed","sticky":false,"template":"","format":"standard","meta":{"activitypub_content_warning":"","activitypub_content_visibility":"","activitypub_max_image_attachments":3,"activitypub_interaction_policy_quote":"anyone","activitypub_status":"federated","footnotes":""},"categories":[1],"tags":[13],"class_list":["post-8233","post","type-post","status-publish","format-standard","hentry","category-sen-categoria","tag-politica"],"_links":{"self":[{"href":"https:\/\/blogs.amarinha.gal\/ribadeando\/wp-json\/wp\/v2\/posts\/8233","targetHints":{"allow":["GET"]}}],"collection":[{"href":"https:\/\/blogs.amarinha.gal\/ribadeando\/wp-json\/wp\/v2\/posts"}],"about":[{"href":"https:\/\/blogs.amarinha.gal\/ribadeando\/wp-json\/wp\/v2\/types\/post"}],"author":[{"embeddable":true,"href":"https:\/\/blogs.amarinha.gal\/ribadeando\/wp-json\/wp\/v2\/users\/3"}],"replies":[{"embeddable":true,"href":"https:\/\/blogs.amarinha.gal\/ribadeando\/wp-json\/wp\/v2\/comments?post=8233"}],"version-history":[{"count":0,"href":"https:\/\/blogs.amarinha.gal\/ribadeando\/wp-json\/wp\/v2\/posts\/8233\/revisions"}],"wp:attachment":[{"href":"https:\/\/blogs.amarinha.gal\/ribadeando\/wp-json\/wp\/v2\/media?parent=8233"}],"wp:term":[{"taxonomy":"category","embeddable":true,"href":"https:\/\/blogs.amarinha.gal\/ribadeando\/wp-json\/wp\/v2\/categories?post=8233"},{"taxonomy":"post_tag","embeddable":true,"href":"https:\/\/blogs.amarinha.gal\/ribadeando\/wp-json\/wp\/v2\/tags?post=8233"}],"curies":[{"name":"wp","href":"https:\/\/api.w.org\/{rel}","templated":true}]}}