{"id":8229,"date":"2010-09-21T07:21:00","date_gmt":"2010-09-21T05:21:00","guid":{"rendered":""},"modified":"2024-11-12T14:54:08","modified_gmt":"2024-11-12T13:54:08","slug":"20100920-pleno-as-preguntas-de-o-teson","status":"publish","type":"post","link":"https:\/\/blogs.amarinha.gal\/ribadeando\/2010\/09\/21\/20100920-pleno-as-preguntas-de-o-teson\/","title":{"rendered":"20100920 pleno. As preguntas de O Tes\u00f3n"},"content":{"rendered":"<p>Como outras veces, comezo polo final dun pleno no que non houbo moito que resaltar.<br \/>\nA  contestaci\u00f3n \u00e1s preguntas realizadas po1a AVV O Tes\u00f3n foi realizada f\u00f3ra xa do pleno propiamente dito, como est\u00e1  establecido.<br \/>\n1.Tendo preguntado xa anteriormente polos cadros posesi\u00f3n do concello en funci\u00f3n dos dep\u00f3sitos a realizar polos expositores, e t\u00e9ndosenos dito xa hai tempo que se estaba a realizar un listado que ser\u00eda difundido, pero non dispo\u00f1endo a\u00ednda do mesmo, lembramos de novo dita solicitude.<br \/>\nR:O listado de obras p\u00f3dese consultar xa no despacho de Cultura.<br \/>\n2.Tendo observado que hai tempo que non se fala oficialmente da li\u00f1a de subministro ele\u0107trico a Ribadeo nin da subestaci\u00f3n segundo parece necesarias ambas para o comezo de funcionamento do pol\u00edgono industrial, solicitamos co\u00f1ecer a actualidade de ambos temas.<br \/>\nR: Posiblemente haber\u00e1 que facer outro protocolo por incumprimento de prazos. A cousa est\u00e1 en que previo \u00e1 declaraci\u00f3n de utilidade p\u00fablica \u00e9 a exposici\u00f3n p\u00fablica, que a\u00ednda non se fixo. Hai unha modificaci\u00f3n pedida pola Comisi\u00f3n dos Cami\u00f1os de Santiago, o sotorreamento \u00e1 beira do Cami\u00f1o. \u00c9 previsible adem\u00e1is que a execuci\u00f3n das 13 reservas do pol\u00edgono se poda facer sen a realizaci\u00f3n da subestaci\u00f3n, pero non se pode manter a situaci\u00f3n as\u00ed indefinidamente.<br \/>\n3.Tendo pendente de consecuci\u00f3n a realizaci\u00f3n unha sa\u00edda cara a Ribadeo dende a Autov\u00eda vindo de Galicia e un entronque coa circunvalaci\u00f3n para conectar coa chamada estrada do monte, solicitamos co\u00f1ecer o estado da cuesti\u00f3n.<br \/>\nR: En realidade son d\u00faas preguntas, con respostas semellantes. en concreto, en relaci\u00f3n \u00e1 A8, est\u00e1 aprobado, pero non hai nin idea de cando se vai facer.<br \/>\n4.Tendo noticia da existencia dun can\u00f3n lanzacabos doado pola Armada norteamericana para o salvamento de n\u00e1ufragos ribadense, que foi visto ultimamente na Cruz Vermella de Lugo, solicitamos co\u00f1ecer se se est\u00e1 a facer alg\u00fan tipo de xesti\u00f3n para o seu retorno a Ribadeo, xunto coa lancha de salvamento mar\u00edtimo no Forte de San Dami\u00e1n.<br \/>\nR: O alcalde respostou que desco\u00f1ec\u00eda o tema, pero que far\u00e1 xesti\u00f3ns para ver que se pode facer (en relaci\u00f3n a isto, un asistente comentoume posteriormente que en \u00e9poca de Lalo como alcalde estaba no seu despacho sobre catro pilares). O alcalde aproveitou para comentar que a lancha de salvamento foi recentemente pintada e encargouse unha placa de metacrilato para ilustrar a s\u00faa historia.<br \/>\nDeixo de pronto a ligaz\u00f3n \u00f3 <a href=\"http:\/\/www.ribadeo.org\/actualidade\/nova.php?id=596&amp;lg=gal\">comentario do concello sobre o pleno<\/a>. E a referencia na prensa (<a href=\"http:\/\/www.lavozdegalicia.es\/amarina\/2010\/09\/21\/0003_8737199.htm\">Voz<\/a>)<br \/>\nContinuar\u00e1&#8230;<\/p>\n","protected":false},"excerpt":{"rendered":"<p>Como outras veces, comezo polo final dun pleno no que non houbo moito que resaltar. A contestaci\u00f3n \u00e1s preguntas realizadas po1a AVV O Tes\u00f3n foi realizada f\u00f3ra xa do pleno propiamente dito, como est\u00e1 establecido. 1.Tendo preguntado xa anteriormente polos cadros posesi\u00f3n do concello en funci\u00f3n dos dep\u00f3sitos a realizar polos expositores, e t\u00e9ndosenos dito [&hellip;]<\/p>\n","protected":false},"author":3,"featured_media":0,"comment_status":"open","ping_status":"closed","sticky":false,"template":"","format":"standard","meta":{"activitypub_content_warning":"","activitypub_content_visibility":"","activitypub_max_image_attachments":3,"activitypub_interaction_policy_quote":"anyone","activitypub_status":"federated","footnotes":""},"categories":[1],"tags":[42],"class_list":["post-8229","post","type-post","status-publish","format-standard","hentry","category-sen-categoria","tag-plenos"],"_links":{"self":[{"href":"https:\/\/blogs.amarinha.gal\/ribadeando\/wp-json\/wp\/v2\/posts\/8229","targetHints":{"allow":["GET"]}}],"collection":[{"href":"https:\/\/blogs.amarinha.gal\/ribadeando\/wp-json\/wp\/v2\/posts"}],"about":[{"href":"https:\/\/blogs.amarinha.gal\/ribadeando\/wp-json\/wp\/v2\/types\/post"}],"author":[{"embeddable":true,"href":"https:\/\/blogs.amarinha.gal\/ribadeando\/wp-json\/wp\/v2\/users\/3"}],"replies":[{"embeddable":true,"href":"https:\/\/blogs.amarinha.gal\/ribadeando\/wp-json\/wp\/v2\/comments?post=8229"}],"version-history":[{"count":0,"href":"https:\/\/blogs.amarinha.gal\/ribadeando\/wp-json\/wp\/v2\/posts\/8229\/revisions"}],"wp:attachment":[{"href":"https:\/\/blogs.amarinha.gal\/ribadeando\/wp-json\/wp\/v2\/media?parent=8229"}],"wp:term":[{"taxonomy":"category","embeddable":true,"href":"https:\/\/blogs.amarinha.gal\/ribadeando\/wp-json\/wp\/v2\/categories?post=8229"},{"taxonomy":"post_tag","embeddable":true,"href":"https:\/\/blogs.amarinha.gal\/ribadeando\/wp-json\/wp\/v2\/tags?post=8229"}],"curies":[{"name":"wp","href":"https:\/\/api.w.org\/{rel}","templated":true}]}}