{"id":8223,"date":"2010-09-28T07:25:00","date_gmt":"2010-09-28T05:25:00","guid":{"rendered":""},"modified":"2024-11-12T14:54:00","modified_gmt":"2024-11-12T13:54:00","slug":"volta-situacion-normal","status":"publish","type":"post","link":"https:\/\/blogs.amarinha.gal\/ribadeando\/2010\/09\/28\/volta-situacion-normal\/","title":{"rendered":"Volta \u00e1 situaci\u00f3n normal?"},"content":{"rendered":"<p>Rematando o mes de volta da tregua veraniega, o perfil das novas en Ribadeo segue en pendente. Hai <a href=\"http:\/\/www.ribadeo.org\/eadministracion\/aviso.php?id=158&amp;lg=gal\">preparativos para a folga<\/a>, pero tam\u00e9n comezan de xeito continuado os reproches oficiais, sexa <a href=\"http:\/\/www.ribadeo.org\/actualidade\/nova.php?id=598&amp;lg=gal\">por non ter o Xulgado<\/a> ou polo <a href=\"http:\/\/www.ribadeo.org\/actualidade\/nova.php?id=599&amp;lg=gal\">estado da estrada<\/a>. Era de esperar que, co gradual enfrontamento previo \u00e1s elecci\u00f3ns, comezaran a xurdir reproches en serie, non s\u00f3 da oposici\u00f3n, sen\u00f3n do equipo de goberno en resposta a aqueles e en tanto que forma parte da oposici\u00f3n respecto da Xunta ou do Estado. Est\u00e1 sucedendo, pero a\u00ednda que as notas de prensa mante\u00f1en o tono, parece que antes do previsto en relaci\u00f3n \u00e1s elecci\u00f3ns. Este tipo de enfrontamentos ten un aqu\u00e9l de v\u00e9rense abocadas as partes, pero tam\u00e9n unha tristura polo mero feito de que sucedan, e un regusto a erro t\u00e1ctico&#8230;<br \/>\nMentras, <a href=\"http:\/\/www.lavozdegalicia.es\/amarina\/2010\/09\/28\/0003_8750807.htm\">o Parque de bombeiros de Barreiros sofre un novo retraso na s\u00faa posta en marcha<\/a>, vello xa antes de nacer.<\/p>\n","protected":false},"excerpt":{"rendered":"<p>Rematando o mes de volta da tregua veraniega, o perfil das novas en Ribadeo segue en pendente. Hai preparativos para a folga, pero tam\u00e9n comezan de xeito continuado os reproches oficiais, sexa por non ter o Xulgado ou polo estado da estrada. Era de esperar que, co gradual enfrontamento previo \u00e1s elecci\u00f3ns, comezaran a xurdir [&hellip;]<\/p>\n","protected":false},"author":3,"featured_media":0,"comment_status":"open","ping_status":"closed","sticky":false,"template":"","format":"standard","meta":{"activitypub_content_warning":"","activitypub_content_visibility":"","activitypub_max_image_attachments":3,"activitypub_interaction_policy_quote":"anyone","activitypub_status":"federated","footnotes":""},"categories":[1],"tags":[13],"class_list":["post-8223","post","type-post","status-publish","format-standard","hentry","category-sen-categoria","tag-politica"],"_links":{"self":[{"href":"https:\/\/blogs.amarinha.gal\/ribadeando\/wp-json\/wp\/v2\/posts\/8223","targetHints":{"allow":["GET"]}}],"collection":[{"href":"https:\/\/blogs.amarinha.gal\/ribadeando\/wp-json\/wp\/v2\/posts"}],"about":[{"href":"https:\/\/blogs.amarinha.gal\/ribadeando\/wp-json\/wp\/v2\/types\/post"}],"author":[{"embeddable":true,"href":"https:\/\/blogs.amarinha.gal\/ribadeando\/wp-json\/wp\/v2\/users\/3"}],"replies":[{"embeddable":true,"href":"https:\/\/blogs.amarinha.gal\/ribadeando\/wp-json\/wp\/v2\/comments?post=8223"}],"version-history":[{"count":0,"href":"https:\/\/blogs.amarinha.gal\/ribadeando\/wp-json\/wp\/v2\/posts\/8223\/revisions"}],"wp:attachment":[{"href":"https:\/\/blogs.amarinha.gal\/ribadeando\/wp-json\/wp\/v2\/media?parent=8223"}],"wp:term":[{"taxonomy":"category","embeddable":true,"href":"https:\/\/blogs.amarinha.gal\/ribadeando\/wp-json\/wp\/v2\/categories?post=8223"},{"taxonomy":"post_tag","embeddable":true,"href":"https:\/\/blogs.amarinha.gal\/ribadeando\/wp-json\/wp\/v2\/tags?post=8223"}],"curies":[{"name":"wp","href":"https:\/\/api.w.org\/{rel}","templated":true}]}}