{"id":8222,"date":"2010-09-30T00:18:00","date_gmt":"2010-09-29T22:18:00","guid":{"rendered":""},"modified":"2024-11-12T14:53:57","modified_gmt":"2024-11-12T13:53:57","slug":"quen-beneficia-o-fracaso-dunha-folga","status":"publish","type":"post","link":"https:\/\/blogs.amarinha.gal\/ribadeando\/2010\/09\/30\/quen-beneficia-o-fracaso-dunha-folga\/","title":{"rendered":"A quen beneficia o fracaso dunha folga?"},"content":{"rendered":"<p>Antes de mirar ning\u00fan medio informativo sobre a xornada de onte, a reflexi\u00f3n do t\u00edtulo.<br \/>\nPara min, a resposta est\u00e1 crara e foi un motivo de folga: a quen non lle afecta por non vivir dun salario. A quenes si lles afecta, a parte da presi\u00f3n que se pode conseguir, p\u00f3deselles aplicar a frase de Homero que vin estes d\u00edas nun xornal: &#8216;Levadeira \u00e9 a loita cando moitos comoarten a fatiga&#8217;.<br \/>\nEn canto a relaci\u00f3n \u00e9xito da folga-apoio \u00f3s sindicatos, o que se fixera onte foi m\u00e1is ben a pesar dos sindicatos. Coido que non \u00e9 cousa de extenderse aqu\u00ed sobre o descreto sindical e a oportunidade dunha &#8216;folga diferida&#8217; varios meses respecto \u00f3 momento adecuado da presi\u00f3n.<\/p>\n","protected":false},"excerpt":{"rendered":"<p>Antes de mirar ning\u00fan medio informativo sobre a xornada de onte, a reflexi\u00f3n do t\u00edtulo. Para min, a resposta est\u00e1 crara e foi un motivo de folga: a quen non lle afecta por non vivir dun salario. A quenes si lles afecta, a parte da presi\u00f3n que se pode conseguir, p\u00f3deselles aplicar a frase de [&hellip;]<\/p>\n","protected":false},"author":3,"featured_media":0,"comment_status":"open","ping_status":"closed","sticky":false,"template":"","format":"standard","meta":{"activitypub_content_warning":"","activitypub_content_visibility":"","activitypub_max_image_attachments":3,"activitypub_interaction_policy_quote":"anyone","activitypub_status":"federated","footnotes":""},"categories":[1],"tags":[9],"class_list":["post-8222","post","type-post","status-publish","format-standard","hentry","category-sen-categoria","tag-sociedade"],"_links":{"self":[{"href":"https:\/\/blogs.amarinha.gal\/ribadeando\/wp-json\/wp\/v2\/posts\/8222","targetHints":{"allow":["GET"]}}],"collection":[{"href":"https:\/\/blogs.amarinha.gal\/ribadeando\/wp-json\/wp\/v2\/posts"}],"about":[{"href":"https:\/\/blogs.amarinha.gal\/ribadeando\/wp-json\/wp\/v2\/types\/post"}],"author":[{"embeddable":true,"href":"https:\/\/blogs.amarinha.gal\/ribadeando\/wp-json\/wp\/v2\/users\/3"}],"replies":[{"embeddable":true,"href":"https:\/\/blogs.amarinha.gal\/ribadeando\/wp-json\/wp\/v2\/comments?post=8222"}],"version-history":[{"count":0,"href":"https:\/\/blogs.amarinha.gal\/ribadeando\/wp-json\/wp\/v2\/posts\/8222\/revisions"}],"wp:attachment":[{"href":"https:\/\/blogs.amarinha.gal\/ribadeando\/wp-json\/wp\/v2\/media?parent=8222"}],"wp:term":[{"taxonomy":"category","embeddable":true,"href":"https:\/\/blogs.amarinha.gal\/ribadeando\/wp-json\/wp\/v2\/categories?post=8222"},{"taxonomy":"post_tag","embeddable":true,"href":"https:\/\/blogs.amarinha.gal\/ribadeando\/wp-json\/wp\/v2\/tags?post=8222"}],"curies":[{"name":"wp","href":"https:\/\/api.w.org\/{rel}","templated":true}]}}